{"id":264480,"date":"2025-07-21T23:37:19","date_gmt":"2025-07-21T23:37:19","guid":{"rendered":"https:\/\/www.europesays.com\/fr\/264480\/"},"modified":"2025-07-21T23:37:19","modified_gmt":"2025-07-21T23:37:19","slug":"reperes-a-tomorrowland-deux-soldats-israeliens-entendus-par-la-belgique-pour-crimes-de-guerre-a-gaza","status":"publish","type":"post","link":"https:\/\/www.europesays.com\/fr\/264480\/","title":{"rendered":"Rep\u00e9r\u00e9s \u00e0 Tomorrowland, deux soldats isra\u00e9liens entendus par la Belgique pour \u00ab\u00a0crimes de guerre\u00a0\u00bb \u00e0 Gaza"},"content":{"rendered":"<p>        <img decoding=\"async\" loading=\"lazy\" src=\"https:\/\/www.europesays.com\/fr\/wp-content\/uploads\/2025\/07\/fc36172_upload-1-5ybdkdjxmdfq-000-678f8t7.jpg\"  width=\"728\" height=\"410\" alt=\"Deux soldats isra\u00e9liens avaient \u00e9t\u00e9 interpell\u00e9s dimanche lors du festival de musique \u00e9lectronique Tomorrowland, en Belgique. (Photo d\u2019illustration)\"\/>  <\/p>\n<p>MARIUS BURGELMAN \/ AFP<\/p>\n<p>Deux soldats isra\u00e9liens avaient \u00e9t\u00e9 interpell\u00e9s dimanche lors du festival de musique \u00e9lectronique Tomorrowland, en Belgique. (Photo d\u2019illustration)<\/p>\n<p class=\"asset asset-text\">INTERNATIONAL &#8211; Deux soldats isra\u00e9liens avaient \u00e9t\u00e9 interpell\u00e9s dimanche lors du festival de musique \u00e9lectronique<a href=\"https:\/\/www.huffingtonpost.fr\/culture\/article\/a-tomorrowland-un-immense-incendie-detruit-la-scene-principale-du-festival-de-musique-electronique_252672.html\" rel=\"nofollow noopener\" target=\"_blank\"> Tomorrowland<\/a>, en Belgique.\u00a0Ils ont \u00e9t\u00e9 entendus par la police belge dans le cadre de plaintes d\u00e9pos\u00e9es par des ONG sur de possibles crimes de guerre commis dans la <a href=\"https:\/\/www.huffingtonpost.fr\/international\/article\/guerre-a-gaza-les-journalistes-de-l-afp-refusent-de-voir-mourir-leurs-confreres-dans-l-enclave-palestinienne_252834.html\" rel=\"nofollow noopener\" target=\"_blank\">bande de Gaza<\/a>, a annonc\u00e9 ce lundi 21\u00a0juillet le parquet f\u00e9d\u00e9ral belge.<\/p>\n<p class=\"asset asset-text\">Les deux suspects, dont l\u2019identit\u00e9 n\u2019a pas \u00e9t\u00e9 pr\u00e9cis\u00e9e, ont \u00e9t\u00e9 rel\u00e2ch\u00e9s apr\u00e8s audition, selon la m\u00eame source.<\/p>\n<p class=\"asset asset-text\">Le parquet f\u00e9d\u00e9ral explique examiner actuellement deux plaintes \u00ab\u00a0relatives \u00e0 des violations graves du droit international commises dans la bande de Gaza\u00a0\u00bb, ciblant ces deux soldats isra\u00e9liens pr\u00e9sum\u00e9s, qui \u00e9taient ce week-end en\u00a0Belgique\u00a0pour assister au festival de musique \u00e9lectro.<\/p>\n<p>    \u00ab\u00a0Une premi\u00e8re en Europe\u00a0\u00bb    <\/p>\n<p class=\"asset asset-text\">Les plaintes \u00e9manent de l\u2019organisation belge propalestinienne HRF (Hind Rajab Foundation), en association avec le Global Legal Action Network (GLAN), un r\u00e9seau international de juristes sp\u00e9cialis\u00e9s aussi dans les violations des droits humains.<\/p>\n<p class=\"asset asset-text\">Les deux organismes se sont f\u00e9licit\u00e9s de l\u2019audition des deux Isra\u00e9liens, pr\u00e9sent\u00e9e comme \u00ab\u00a0une premi\u00e8re en Europe\u00a0\u00bb depuis la vaste offensive isra\u00e9lienne sur le territoire palestinien, d\u00e9clench\u00e9e en riposte \u00e0 l\u2019attaque sans pr\u00e9c\u00e9dent du mouvement islamiste palestinien Hamas en Isra\u00ebl le 7\u00a0octobre\u00a02023.<\/p>\n<p class=\"asset asset-text\">\u00ab\u00a0\u00c0 une \u00e9poque o\u00f9 beaucoup trop de gouvernements restent silencieux, cette action envoie un message clair\u00a0: les preuves cr\u00e9dibles de crimes internationaux doivent \u00eatre trait\u00e9es par la justice, et non par l\u2019indiff\u00e9rence politique\u00a0\u00bb, ont r\u00e9agi les ONG dans un communiqu\u00e9 publi\u00e9 par HRF.<\/p>\n<p>    Un drapeau de la \u00ab\u00a0brigade Givati\u00a0\u00bb brandi    <\/p>\n<p class=\"asset asset-text\">Elles affirment avoir identifi\u00e9 ces deux Isra\u00e9liens dans un petit groupe d\u2019hommes qui \u00e9taient en train de brandir, vendredi devant la sc\u00e8ne de Tomorrowland pr\u00e8s d\u2019Anvers, un drapeau de la \u00ab\u00a0brigade Givati\u00a0\u00bb, une unit\u00e9 de l\u2019arm\u00e9e isra\u00e9lienne en premi\u00e8re ligne dans la guerre \u00e0 Gaza.<\/p>\n<p class=\"asset asset-text\">Sont reproch\u00e9s aux suspects, d\u2019apr\u00e8s un premier communiqu\u00e9 publi\u00e9 ce week-end par HRF, des \u00ab\u00a0attaques aveugles contre des zones civiles, des habitations et des h\u00f4pitaux\u00a0; le recours \u00e0 la torture et aux boucliers humains\u00a0; les d\u00e9tentions arbitraires massives et d\u00e9placements forc\u00e9s de civils\u00a0\u00bb.<\/p>\n<p class=\"asset asset-text\">Les deux hommes sont ainsi accus\u00e9s d\u2019\u00eatre \u00ab\u00a0directement impliqu\u00e9s dans certains des crimes les plus odieux commis pendant la campagne militaire isra\u00e9lienne\u00a0\u00bb, accusations sur lesquelles le parquet belge a donc d\u00e9cid\u00e9 de se pencher.<\/p>\n<p>    \u00ab\u00a0Comp\u00e9tence extraterritoriale aux juridictions belges\u00a0\u00bb    <\/p>\n<p class=\"asset asset-text\">M\u00eame si les suspects ne sont pas belges et que les faits ont \u00e9t\u00e9 commis \u00e0 l\u2019\u00e9tranger, la justice belge pourrait faire valoir, pour les poursuivre, la comp\u00e9tence universelle de ses tribunaux sur ces questions de violations du droit international (crimes contre l\u2019humanit\u00e9, crimes de guerre, g\u00e9nocide).<\/p>\n<p class=\"asset asset-text\">Lundi, le parquet f\u00e9d\u00e9ral indique qu\u2019\u00ab\u00a0apr\u00e8s un premier examen de ces plaintes, (il) a estim\u00e9 qu\u2019il pourrait disposer d\u2019une comp\u00e9tence\u00a0\u00bb sur la base d\u2019une nouvelle disposition du code de proc\u00e9dure p\u00e9nale en vigueur depuis avril\u00a02024, l\u2019article\u00a014\/10.<\/p>\n<p class=\"asset asset-text\">\u00ab\u00a0Cet article attribue une comp\u00e9tence extraterritoriale aux juridictions belges pour conna\u00eetre des infractions commises hors de notre territoire et vis\u00e9es notamment par une r\u00e8gle de droit international conventionnelle, en l\u2019esp\u00e8ce les Conventions de Gen\u00e8ve du 12\u00a0ao\u00fbt\u00a01949 relatives aux crimes de guerre et la Convention des Nations unies contre la torture du 10\u00a0d\u00e9cembre\u00a01984\u00a0\u00bb est-il d\u00e9taill\u00e9.<\/p>\n","protected":false},"excerpt":{"rendered":"MARIUS BURGELMAN \/ AFP Deux soldats isra\u00e9liens avaient \u00e9t\u00e9 interpell\u00e9s dimanche lors du festival de musique \u00e9lectronique Tomorrowland,&hellip;\n","protected":false},"author":2,"featured_media":264481,"comment_status":"","ping_status":"","sticky":false,"template":"","format":"standard","meta":{"footnotes":""},"categories":[5],"tags":[11,828,3259,849,1011,27,665,14,12,28],"class_list":{"0":"post-264480","1":"post","2":"type-post","3":"status-publish","4":"format-standard","5":"has-post-thumbnail","7":"category-international","8":"tag-actualites","9":"tag-belgique","10":"tag-conflit-israelo-palestinien","11":"tag-festival","12":"tag-fr","13":"tag-france","14":"tag-gaza","15":"tag-international","16":"tag-news","17":"tag-world"},"share_on_mastodon":{"url":"https:\/\/pubeurope.com\/@fr\/114893857980282156","error":""},"_links":{"self":[{"href":"https:\/\/www.europesays.com\/fr\/wp-json\/wp\/v2\/posts\/264480","targetHints":{"allow":["GET"]}}],"collection":[{"href":"https:\/\/www.europesays.com\/fr\/wp-json\/wp\/v2\/posts"}],"about":[{"href":"https:\/\/www.europesays.com\/fr\/wp-json\/wp\/v2\/types\/post"}],"author":[{"embeddable":true,"href":"https:\/\/www.europesays.com\/fr\/wp-json\/wp\/v2\/users\/2"}],"replies":[{"embeddable":true,"href":"https:\/\/www.europesays.com\/fr\/wp-json\/wp\/v2\/comments?post=264480"}],"version-history":[{"count":0,"href":"https:\/\/www.europesays.com\/fr\/wp-json\/wp\/v2\/posts\/264480\/revisions"}],"wp:featuredmedia":[{"embeddable":true,"href":"https:\/\/www.europesays.com\/fr\/wp-json\/wp\/v2\/media\/264481"}],"wp:attachment":[{"href":"https:\/\/www.europesays.com\/fr\/wp-json\/wp\/v2\/media?parent=264480"}],"wp:term":[{"taxonomy":"category","embeddable":true,"href":"https:\/\/www.europesays.com\/fr\/wp-json\/wp\/v2\/categories?post=264480"},{"taxonomy":"post_tag","embeddable":true,"href":"https:\/\/www.europesays.com\/fr\/wp-json\/wp\/v2\/tags?post=264480"}],"curies":[{"name":"wp","href":"https:\/\/api.w.org\/{rel}","templated":true}]}}