{"id":264482,"date":"2025-07-21T23:39:51","date_gmt":"2025-07-21T23:39:51","guid":{"rendered":"https:\/\/www.europesays.com\/fr\/264482\/"},"modified":"2025-07-21T23:39:51","modified_gmt":"2025-07-21T23:39:51","slug":"le-point-sur-la-mort-dun-garconnet-de-3-ans-ecrase-par-un-camion-poubelle-a-paris-2","status":"publish","type":"post","link":"https:\/\/www.europesays.com\/fr\/264482\/","title":{"rendered":"Le point sur la mort d\u2019un gar\u00e7onnet de 3 ans \u00e9cras\u00e9 par un camion poubelle \u00e0 Paris"},"content":{"rendered":"<p>Dimanche, un enfant de 3 ans a perdu la vie apr\u00e8s avoir \u00e9t\u00e9 percut\u00e9 par un <a href=\"https:\/\/www.20minutes.fr\/dossier\/camion\" class=\"color-ultramarine c-link\" target=\"_blank\" rel=\"noopener\">camion <\/a>poubelle dans le 12e\u00a0arrondissement de <a href=\"https:\/\/www.20minutes.fr\/paris\/\" class=\"color-ultramarine c-link\" target=\"_blank\" rel=\"noopener\">Paris<\/a>. Transport\u00e9 \u00e0 l\u2019h\u00f4pital Robert Debr\u00e9, il est d\u00e9c\u00e9d\u00e9 dans la soir\u00e9e de dimanche, rapporte <a href=\"https:\/\/www.leparisien.fr\/paris-75\/paris-lenfant-de-trois-ans-grievement-blesse-apres-avoir-ete-ecrase-par-un-camion-poubelle-est-mort-21-07-2025-U7XVGFXLIJGGXDA6HZYKZEHFPA.php\" rel=\"nofollow noopener\" target=\"_blank\" class=\"color-ultramarine c-link\">Le Parisien<\/a>.<\/p>\n<p>Les circonstances de l\u2019accident<\/p>\n<p>Le drame a eu lieu dimanche, peu apr\u00e8s 18h30, rue Claude-Decaen, dans le 12e arrondissement de Paris. C\u2019est sa tante qui en avait la charge ce jour-l\u00e0. Selon des t\u00e9moignages recueillis par Le Parisien, l\u2019enfant aurait d\u00e9boul\u00e9 en trottinette. Il a \u00e9t\u00e9 happ\u00e9 et renvers\u00e9 par un camion poubelle. Le conducteur n\u2019aurait pas eu le temps de freiner.<\/p>\n<p>Tentative d\u2019intervention<\/p>\n<p>Les secours ont tent\u00e9 d\u2019extraire l\u2019enfant, dont le pied \u00e9tait coinc\u00e9 sous une roue du v\u00e9hicule, pendant une heure et demie. Le camion a d\u00fb \u00eatre lev\u00e9 pour d\u00e9gager la victime, qui est rest\u00e9e consciente avant d\u2019\u00eatre transf\u00e9r\u00e9e en urgence absolue \u00e0 l\u2019h\u00f4pital. Malgr\u00e9 tout, il a succomb\u00e9 \u00e0 ses blessures.<\/p>\n<p>Ouverture d\u2019une enqu\u00eate<\/p>\n<p>Le <a href=\"https:\/\/www.20minutes.fr\/dossier\/parquet_de_paris\" class=\"color-ultramarine c-link\" target=\"_blank\" rel=\"noopener\">parquet de Paris<\/a> indique qu\u2019une enqu\u00eate pour homicide involontaire par conducteur est en cours. Le conducteur du camion a \u00e9t\u00e9 plac\u00e9 en garde \u00e0 vue. Les d\u00e9pistages d\u2019alcool et de stup\u00e9fiants se sont r\u00e9v\u00e9l\u00e9s n\u00e9gatifs.<\/p>\n","protected":false},"excerpt":{"rendered":"Dimanche, un enfant de 3 ans a perdu la vie apr\u00e8s avoir \u00e9t\u00e9 percut\u00e9 par un camion poubelle&hellip;\n","protected":false},"author":2,"featured_media":264483,"comment_status":"","ping_status":"","sticky":false,"template":"","format":"standard","meta":{"footnotes":""},"categories":[4],"tags":[119,4376,47,11,660,118,658,1011,27,662,12,626,25],"class_list":{"0":"post-264482","1":"post","2":"type-post","3":"status-publish","4":"format-standard","5":"has-post-thumbnail","7":"category-france","8":"tag-accident","9":"tag-accident-de-la-route","10":"tag-actualite","11":"tag-actualites","12":"tag-camion","13":"tag-faits-divers","14":"tag-faits-divers-paris","15":"tag-fr","16":"tag-france","17":"tag-ile-de-france","18":"tag-news","19":"tag-paris","20":"tag-republique-francaise"},"share_on_mastodon":{"url":"https:\/\/pubeurope.com\/@fr\/114893869725319546","error":""},"_links":{"self":[{"href":"https:\/\/www.europesays.com\/fr\/wp-json\/wp\/v2\/posts\/264482","targetHints":{"allow":["GET"]}}],"collection":[{"href":"https:\/\/www.europesays.com\/fr\/wp-json\/wp\/v2\/posts"}],"about":[{"href":"https:\/\/www.europesays.com\/fr\/wp-json\/wp\/v2\/types\/post"}],"author":[{"embeddable":true,"href":"https:\/\/www.europesays.com\/fr\/wp-json\/wp\/v2\/users\/2"}],"replies":[{"embeddable":true,"href":"https:\/\/www.europesays.com\/fr\/wp-json\/wp\/v2\/comments?post=264482"}],"version-history":[{"count":0,"href":"https:\/\/www.europesays.com\/fr\/wp-json\/wp\/v2\/posts\/264482\/revisions"}],"wp:featuredmedia":[{"embeddable":true,"href":"https:\/\/www.europesays.com\/fr\/wp-json\/wp\/v2\/media\/264483"}],"wp:attachment":[{"href":"https:\/\/www.europesays.com\/fr\/wp-json\/wp\/v2\/media?parent=264482"}],"wp:term":[{"taxonomy":"category","embeddable":true,"href":"https:\/\/www.europesays.com\/fr\/wp-json\/wp\/v2\/categories?post=264482"},{"taxonomy":"post_tag","embeddable":true,"href":"https:\/\/www.europesays.com\/fr\/wp-json\/wp\/v2\/tags?post=264482"}],"curies":[{"name":"wp","href":"https:\/\/api.w.org\/{rel}","templated":true}]}}