{"id":264502,"date":"2025-07-22T00:03:52","date_gmt":"2025-07-22T00:03:52","guid":{"rendered":"https:\/\/www.europesays.com\/fr\/264502\/"},"modified":"2025-07-22T00:03:52","modified_gmt":"2025-07-22T00:03:52","slug":"previsions-du-mardi-22-juillet-2025","status":"publish","type":"post","link":"https:\/\/www.europesays.com\/fr\/264502\/","title":{"rendered":"pr\u00e9visions du mardi 22 juillet 2025"},"content":{"rendered":"<p>On notera la pr\u00e9sence persistante de nuages aujourd&rsquo;hui \u00e0 Rennes. Les temp\u00e9ratures afficheront entre 12 et 21\u00b0C. Un vent de sud-ouest rafra\u00eechira l\u00e9g\u00e8rement l&rsquo;atmosph\u00e8re. Le matin, des nuages feront leur apparition. Le temps sera ponctu\u00e9 par des pluies \u00e9parses. Les valeurs seront de 20\u00b0C au plus bas et de 21\u00b0C au maximum l&rsquo;apr\u00e8s-midi. La grisaille ne se dissipe toujours pas, il va y avoir encore des nuages le soir. Mauvais temps : on pr\u00e9voit des pluies \u00e9parses. Le mercure affichera 17\u00b0C en moyenne. Pendant que vous dormirez, dans la nuit de mardi \u00e0 mercredi, le ciel sera clair.<\/p>\n<p>Demain, c&rsquo;est une hausse de quelques degr\u00e9s que vont enregistrer les temp\u00e9ratures dans la ville de Rennes. On pr\u00e9voit des temp\u00e9ratures d&rsquo;environ 18\u00b0C. Un petit vent de nord-ouest sera ressenti par les habitants. Un bel ensoleillement est pr\u00e9vu le matin. Les valeurs seront de 19\u00b0C. Le soleil brillerait plus t\u00f4t dans l&rsquo;apr\u00e8s-midi si des nuages ne retardaient pas sa venue. Des averses sont attendues. La ville sera de temps en temps sous la pluie. Les temp\u00e9ratures s&rsquo;\u00e9chelonneront entre 21 et 23\u00b0C.<\/p>\n<p>Les jours qui suivent s&rsquo;annoncent identiques. Il fera 24\u00b0C en moyenne pour des journ\u00e9es avec une m\u00e9t\u00e9o ensoleill\u00e9e.<\/p>\n<p><\/p>\n","protected":false},"excerpt":{"rendered":"On notera la pr\u00e9sence persistante de nuages aujourd&rsquo;hui \u00e0 Rennes. Les temp\u00e9ratures afficheront entre 12 et 21\u00b0C. Un&hellip;\n","protected":false},"author":2,"featured_media":264503,"comment_status":"","ping_status":"","sticky":false,"template":"","format":"standard","meta":{"footnotes":""},"categories":[2821],"tags":[1111,11,829,1777,674,1011,27,848,12,2119,584,25],"class_list":{"0":"post-264502","1":"post","2":"type-post","3":"status-publish","4":"format-standard","5":"has-post-thumbnail","7":"category-rennes","8":"tag-actu","9":"tag-actualites","10":"tag-bretagne","11":"tag-eu","12":"tag-europe","13":"tag-fr","14":"tag-france","15":"tag-ille-et-vilaine","16":"tag-news","17":"tag-previsions-meteo","18":"tag-rennes","19":"tag-republique-francaise"},"share_on_mastodon":{"url":"https:\/\/pubeurope.com\/@fr\/114893964067171236","error":""},"_links":{"self":[{"href":"https:\/\/www.europesays.com\/fr\/wp-json\/wp\/v2\/posts\/264502","targetHints":{"allow":["GET"]}}],"collection":[{"href":"https:\/\/www.europesays.com\/fr\/wp-json\/wp\/v2\/posts"}],"about":[{"href":"https:\/\/www.europesays.com\/fr\/wp-json\/wp\/v2\/types\/post"}],"author":[{"embeddable":true,"href":"https:\/\/www.europesays.com\/fr\/wp-json\/wp\/v2\/users\/2"}],"replies":[{"embeddable":true,"href":"https:\/\/www.europesays.com\/fr\/wp-json\/wp\/v2\/comments?post=264502"}],"version-history":[{"count":0,"href":"https:\/\/www.europesays.com\/fr\/wp-json\/wp\/v2\/posts\/264502\/revisions"}],"wp:featuredmedia":[{"embeddable":true,"href":"https:\/\/www.europesays.com\/fr\/wp-json\/wp\/v2\/media\/264503"}],"wp:attachment":[{"href":"https:\/\/www.europesays.com\/fr\/wp-json\/wp\/v2\/media?parent=264502"}],"wp:term":[{"taxonomy":"category","embeddable":true,"href":"https:\/\/www.europesays.com\/fr\/wp-json\/wp\/v2\/categories?post=264502"},{"taxonomy":"post_tag","embeddable":true,"href":"https:\/\/www.europesays.com\/fr\/wp-json\/wp\/v2\/tags?post=264502"}],"curies":[{"name":"wp","href":"https:\/\/api.w.org\/{rel}","templated":true}]}}