{"id":264504,"date":"2025-07-22T00:10:37","date_gmt":"2025-07-22T00:10:37","guid":{"rendered":"https:\/\/www.europesays.com\/fr\/264504\/"},"modified":"2025-07-22T00:10:37","modified_gmt":"2025-07-22T00:10:37","slug":"previsions-du-mardi-22-juillet-2025-2","status":"publish","type":"post","link":"https:\/\/www.europesays.com\/fr\/264504\/","title":{"rendered":"pr\u00e9visions du mardi 22 juillet 2025"},"content":{"rendered":"<p>Aujourd&rsquo;hui, Strasbourg se retrouvera sous des valeurs avoisinant 20\u00b0C. De petites averses rendront la matin\u00e9e morose. Les temp\u00e9ratures seront de 19\u00b0C. Un vent de sud-ouest soufflera un peu, avec 18 km\/h. L&rsquo;apr\u00e8s-midi, le vent va progressivement chasser les nuages. Une m\u00e9t\u00e9o plus chaude est attendue puisque le mercure va conna\u00eetre une l\u00e9g\u00e8re hausse. Les temp\u00e9ratures afficheront entre 23 et 24\u00b0C. Un vent d&rsquo;ouest soufflera \u00e0 23 km\/h. Les valeurs seront de 20\u00b0C dans la soir\u00e9e. Durant la nuit de mardi \u00e0 mercredi, le ciel sera limpide.<\/p>\n<p>Le soleil appara\u00eet l\u00e9g\u00e8rement demain. Ces \u00e9claircies devraient faire plaisir aux habitants de Strasbourg. Les temp\u00e9ratures seront comprises entre 14 et 26\u00b0C. Le matin, on anticipe des valeurs d&rsquo;environ 20\u00b0C. Une petite brise de sud-ouest sera ressentie par les habitants. L&rsquo;air ambiant va se r\u00e9chauffer demain apr\u00e8s-midi avec une augmentation de plusieurs degr\u00e9s. Les temp\u00e9ratures seront de 20\u00b0C au minimum et de 26\u00b0C au plus haut. Le ciel va peu \u00e0 peu s&rsquo;obscurcir durant la soir\u00e9e avec l&rsquo;apparition de nuages. Le temps sera marqu\u00e9 par de la pluie. Un vent de sud-ouest soufflera doucement.<\/p>\n<p>Le temps va se d\u00e9grader dans les jours qui suivent. Le temps sera pluvieux avec des temp\u00e9ratures autour de 22\u00b0C.<\/p>\n<p><\/p>\n","protected":false},"excerpt":{"rendered":"Aujourd&rsquo;hui, Strasbourg se retrouvera sous des valeurs avoisinant 20\u00b0C. De petites averses rendront la matin\u00e9e morose. Les temp\u00e9ratures&hellip;\n","protected":false},"author":2,"featured_media":264505,"comment_status":"","ping_status":"","sticky":false,"template":"","format":"standard","meta":{"footnotes":""},"categories":[2820],"tags":[1111,11,2389,2649,1777,674,1011,27,775,12,2119,25,640],"class_list":{"0":"post-264504","1":"post","2":"type-post","3":"status-publish","4":"format-standard","5":"has-post-thumbnail","7":"category-strasbourg","8":"tag-actu","9":"tag-actualites","10":"tag-alsace","11":"tag-bas-rhin","12":"tag-eu","13":"tag-europe","14":"tag-fr","15":"tag-france","16":"tag-grand-est","17":"tag-news","18":"tag-previsions-meteo","19":"tag-republique-francaise","20":"tag-strasbourg"},"share_on_mastodon":{"url":"https:\/\/pubeurope.com\/@fr\/114893987687510689","error":""},"_links":{"self":[{"href":"https:\/\/www.europesays.com\/fr\/wp-json\/wp\/v2\/posts\/264504","targetHints":{"allow":["GET"]}}],"collection":[{"href":"https:\/\/www.europesays.com\/fr\/wp-json\/wp\/v2\/posts"}],"about":[{"href":"https:\/\/www.europesays.com\/fr\/wp-json\/wp\/v2\/types\/post"}],"author":[{"embeddable":true,"href":"https:\/\/www.europesays.com\/fr\/wp-json\/wp\/v2\/users\/2"}],"replies":[{"embeddable":true,"href":"https:\/\/www.europesays.com\/fr\/wp-json\/wp\/v2\/comments?post=264504"}],"version-history":[{"count":0,"href":"https:\/\/www.europesays.com\/fr\/wp-json\/wp\/v2\/posts\/264504\/revisions"}],"wp:featuredmedia":[{"embeddable":true,"href":"https:\/\/www.europesays.com\/fr\/wp-json\/wp\/v2\/media\/264505"}],"wp:attachment":[{"href":"https:\/\/www.europesays.com\/fr\/wp-json\/wp\/v2\/media?parent=264504"}],"wp:term":[{"taxonomy":"category","embeddable":true,"href":"https:\/\/www.europesays.com\/fr\/wp-json\/wp\/v2\/categories?post=264504"},{"taxonomy":"post_tag","embeddable":true,"href":"https:\/\/www.europesays.com\/fr\/wp-json\/wp\/v2\/tags?post=264504"}],"curies":[{"name":"wp","href":"https:\/\/api.w.org\/{rel}","templated":true}]}}