{"id":264506,"date":"2025-07-22T00:12:16","date_gmt":"2025-07-22T00:12:16","guid":{"rendered":"https:\/\/www.europesays.com\/fr\/264506\/"},"modified":"2025-07-22T00:12:16","modified_gmt":"2025-07-22T00:12:16","slug":"mamadou-sarr-le-chant-du-retour","status":"publish","type":"post","link":"https:\/\/www.europesays.com\/fr\/264506\/","title":{"rendered":"Mamadou Sarr, le chant du retour"},"content":{"rendered":"<p>Le 9\u00a0juin, Mamadou Sarr paraphait un contrat longue dur\u00e9e \u2013 jusqu\u2019en 2033 pour un transfert estim\u00e9 entre 14 et 20\u00a0millions d\u2019euros selon les sources \u2013 avec Chelsea, juste \u00e0 temps pour pouvoir embarquer dans le vol des Blues vers l\u2019Am\u00e9rique.<\/p>\n<p>Cinq semaines plus tard, le d\u00e9fenseur form\u00e9 \u00e0 l\u2019Olympique Lyonnais rentrait \u00e0 Londres aur\u00e9ol\u00e9 d\u2019un premier titre prestigieux, la Coupe du monde des clubs remport\u00e9e aux d\u00e9pens du Paris Saint-Germain (3-0), mais aussi avec la certitude que son heure de gloire en Angleterre n\u2019\u00e9tait pas encore venue.<\/p>\n<p>Aux \u00c9tats-Unis, le coach Enzo Maresca ne lui a offert que huit minutes de jeu, en bout de match de poules contre l\u2019Esp\u00e9rance Tunis (3-0). Le reste du temps, le jeune d\u00e9fenseur a cir\u00e9 le banc de touche et pu mesurer le chemin qu\u2019il lui reste&#8230;<\/p>\n","protected":false},"excerpt":{"rendered":"Le 9\u00a0juin, Mamadou Sarr paraphait un contrat longue dur\u00e9e \u2013 jusqu\u2019en 2033 pour un transfert estim\u00e9 entre 14&hellip;\n","protected":false},"author":2,"featured_media":264507,"comment_status":"","ping_status":"","sticky":false,"template":"","format":"standard","meta":{"footnotes":""},"categories":[2820],"tags":[1111,11,2880,1777,674,107,1701,63,1011,27,775,12,9371,25,517,640,2879],"class_list":{"0":"post-264506","1":"post","2":"type-post","3":"status-publish","4":"format-standard","5":"has-post-thumbnail","7":"category-strasbourg","8":"tag-actu","9":"tag-actualites","10":"tag-edition-strasbourg","11":"tag-eu","12":"tag-europe","13":"tag-fil-info","14":"tag-fil-info-sport","15":"tag-football","16":"tag-fr","17":"tag-france","18":"tag-grand-est","19":"tag-news","20":"tag-rcsa-racing-club-strasbourg","21":"tag-republique-francaise","22":"tag-sport","23":"tag-strasbourg","24":"tag-strasbourg-ville"},"share_on_mastodon":{"url":"https:\/\/pubeurope.com\/@fr\/114893995622828439","error":""},"_links":{"self":[{"href":"https:\/\/www.europesays.com\/fr\/wp-json\/wp\/v2\/posts\/264506","targetHints":{"allow":["GET"]}}],"collection":[{"href":"https:\/\/www.europesays.com\/fr\/wp-json\/wp\/v2\/posts"}],"about":[{"href":"https:\/\/www.europesays.com\/fr\/wp-json\/wp\/v2\/types\/post"}],"author":[{"embeddable":true,"href":"https:\/\/www.europesays.com\/fr\/wp-json\/wp\/v2\/users\/2"}],"replies":[{"embeddable":true,"href":"https:\/\/www.europesays.com\/fr\/wp-json\/wp\/v2\/comments?post=264506"}],"version-history":[{"count":0,"href":"https:\/\/www.europesays.com\/fr\/wp-json\/wp\/v2\/posts\/264506\/revisions"}],"wp:featuredmedia":[{"embeddable":true,"href":"https:\/\/www.europesays.com\/fr\/wp-json\/wp\/v2\/media\/264507"}],"wp:attachment":[{"href":"https:\/\/www.europesays.com\/fr\/wp-json\/wp\/v2\/media?parent=264506"}],"wp:term":[{"taxonomy":"category","embeddable":true,"href":"https:\/\/www.europesays.com\/fr\/wp-json\/wp\/v2\/categories?post=264506"},{"taxonomy":"post_tag","embeddable":true,"href":"https:\/\/www.europesays.com\/fr\/wp-json\/wp\/v2\/tags?post=264506"}],"curies":[{"name":"wp","href":"https:\/\/api.w.org\/{rel}","templated":true}]}}