{"id":264512,"date":"2025-07-22T00:15:00","date_gmt":"2025-07-22T00:15:00","guid":{"rendered":"https:\/\/www.europesays.com\/fr\/264512\/"},"modified":"2025-07-22T00:15:00","modified_gmt":"2025-07-22T00:15:00","slug":"un-match-typiquement-ligue-des-champions-florian-maurice-heureux-daffronter-benfica","status":"publish","type":"post","link":"https:\/\/www.europesays.com\/fr\/264512\/","title":{"rendered":"\u00ab\u00a0Un match typiquement Ligue des champions\u00a0\u00bb, Florian Maurice heureux d&rsquo;affronter Benfica"},"content":{"rendered":"<p class=\"mb-4 text-lg md:leading-8 break-words\">Battu dans le sprint final en Ligue 1 la saison pass\u00e9e, <a href=\"https:\/\/fr.news.yahoo.com\/sport\/perdu-temps-lavertissement-haise-joueurs-090804222.html\" data-ylk=\"slk:Nice;elm:context_link;itc:0;sec:content-canvas;outcm:mb_qualified_link;_E:mb_qualified_link;ct:story;\" class=\"link  yahoo-link\" rel=\"nofollow noopener\" target=\"_blank\">Nice<\/a> devra passer par deux tours qualificatifs avant d&rsquo;esp\u00e9rer jouer la Ligue des champions. Et le tirage au sort a r\u00e9serv\u00e9 du lourd pour le troisi\u00e8me tour pr\u00e9liminaire avec un duel contre Benfica. Apr\u00e8s avoir h\u00e9rit\u00e9 du club de Lisbonne, Florian Maurice a r\u00e9v\u00e9l\u00e9 pourquoi il \u00e9tait heureux de d\u00e9fier un tel adversaire.<\/p>\n<p class=\"mb-4 text-lg md:leading-8 break-words\">\u00ab\u00a0Le premier ressenti, c\u2019est que Franck (Haise) m\u2019a dit il y a un mois: &lsquo;On jouera Benfica&rsquo;. Donc il avait raison. Et il m\u2018a aussi dit une chose que je ne vous r\u00e9p\u00e8terai pas\u00a0\u00bb, a not\u00e9 le directeur sportif des Aiglons. \u00ab\u00a0Dans tous les cas c\u2019est une super confrontation.\u00a0\u00bb<\/p>\n<p class=\"mb-4 text-lg md:leading-8 break-words\">Avant d&rsquo;ajouter: \u00ab\u00a0Nous on veut jouer la Ligue des champions donc pour moi c\u2019est un match typiquement Ligue des champions.\u00a0\u00bb<\/p>\n<p class=\"mb-4 text-lg md:leading-8 break-words\"><a href=\"https:\/\/rmcsport.bfmtv.com\/football\/ligue-des-champions\/direct-ligue-des-champions-suivez-le-tirage-au-sort-du-3e-tour-preliminaire-avec-nice-en-live_LN-202507210154.html\" rel=\"nofollow noopener\" target=\"_blank\" data-ylk=\"slk:&gt;&gt; Toutes les affiches du 3e tour qualificatif pour la Ligue des champions;elm:context_link;itc:0;sec:content-canvas\" class=\"link \">&gt;&gt; Toutes les affiches du 3e tour qualificatif pour la Ligue des champions<\/a><\/p>\n<p>\u00ab\u00a0C\u2019est ce qu\u2019on est venu chercher, c\u2019est ce qu\u2019on veut\u00a0\u00bb<\/p>\n<p class=\"mb-4 text-lg md:leading-8 break-words\">Avant de recevoir le Benfica \u00e0 l&rsquo;Allianz Riviera, le 5 ou le 6 ao\u00fbt puis de se d\u00e9placer \u00e0 Lisbonne une semaine plus tard (le 12 ao\u00fbt), Florian Maurice se veut ambitieux. Mais le dirigeant azur\u00e9en se m\u00e9fie \u00e9galement de l&rsquo;exp\u00e9rience de la formation lusitanienne sur la sc\u00e8ne continentale.<\/p>\n<p class=\"mb-4 text-lg md:leading-8 break-words\">\u00ab\u00a0C\u2019est un club incroyable, que je connais plut\u00f4t bien pour y avoir \u00e9t\u00e9 plusieurs fois. Il y a un stade magnifique, une top \u00e9quipe qui a fait la Coupe du monde des clubs il n\u2019y a pas si longtemps\u00a0\u00bb, a encha\u00een\u00e9 l&rsquo;ancien attaquant pass\u00e9 notamment par Lyon, le <a href=\"https:\/\/fr.news.yahoo.com\/sport\/neymar-remercie-psg-apr%C3%A8s-avoir-211747845.html\" data-ylk=\"slk:PSG;elm:context_link;itc:0;sec:content-canvas;outcm:mb_qualified_link;_E:mb_qualified_link;ct:story;\" class=\"link  yahoo-link\" rel=\"nofollow noopener\" target=\"_blank\">PSG<\/a> et l&rsquo;OM pendant sa carri\u00e8re. \u00ab\u00a0Donc c\u2019est une vraie, vraie, confrontation Ligue des champions. C\u2019est ce qu\u2019on est venu chercher, c\u2019est ce qu\u2019on veut.\u00a0\u00bb<\/p>\n<p>Maurice s&rsquo;attend encore \u00e0 des d\u00e9parts du c\u00f4t\u00e9 de Benfica<\/p>\n<p class=\"mb-4 text-lg md:leading-8 break-words\">Un peu \u00e0 l&rsquo;image du PSG, qui reprendra la comp\u00e9tition moins d&rsquo;un mois apr\u00e8s la fin de la Coupe du monde des clubs, <a href=\"https:\/\/fr.news.yahoo.com\/sport\/mercato-real-madrid-d%C3%A9bourse-petite-190450042.html\" data-ylk=\"slk:Benfica;elm:context_link;itc:0;sec:content-canvas;outcm:mb_qualified_link;_E:mb_qualified_link;ct:story;\" class=\"link  yahoo-link\" rel=\"nofollow noopener\" target=\"_blank\">Benfica<\/a> n&rsquo;aura pas eu une pr\u00e9paration estivale aussi aboutie que celle des Ni\u00e7ois. Une belle opportunit\u00e9 pour les partenaires de Dante. A condition de bien rentrer dans les deux rencontres \u00e0 venir.<\/p>\n<p class=\"mb-4 text-lg md:leading-8 break-words\">\u00ab\u00a0A nous de faire bien les choses, de bien se pr\u00e9parer pour les affronter et faire tout notre possible pour pouvoir passer\u00a0\u00bb, a ensuite ajout\u00e9 Florian Maurice. \u00ab\u00a0Ils vont avoir deux matchs de pr\u00e9paration, je ne vais pas dire que c\u2019est peut-\u00eatre le bon moment\u2026 Et puis il faudra voir l\u2019effectif qui va \u00eatre pr\u00e9sent \u00e0 ce moment-l\u00e0 parce que je sais qu\u2019ils ont fait quelques ventes et quelques achats aussi.\u00a0\u00bb<\/p>\n<p class=\"mb-4 text-lg md:leading-8 break-words\">Et le directeur sportif de l&rsquo;OGC Nice de conclure: \u00ab\u00a0L\u2019\u00e9quipe, ce ne sera peut-\u00eatre pas celle d\u2019aujourd\u2019hui qui sera l\u00e0 dans quinze jours. Donc \u00e0 nous de bien se concentrer et de faire tout ce qu\u2019il faut pour bien pr\u00e9parer ce match.\u00a0\u00bb<\/p>\n<p class=\"mb-4 text-lg md:leading-8 break-words\">En cas de victoire face aux Portugais, Nice devra encore disputer et remporter un barrage afin de participer \u00e0 la phase de championnat de la Ligue des champions. Le d\u00e9but du p\u00e9riple europ\u00e9en commence face \u00e0 Benfica.<\/p>\n<p class=\"mb-4 text-lg md:leading-8 break-words\"><a href=\"https:\/\/rmcsport.bfmtv.com\/football\/ligue-des-champions\/nice-un-match-typiquement-ligue-des-champions-florian-maurice-heureux-d-affronter-benfica_AV-202507210560.html#xtor=AL-68\" rel=\"nofollow noopener\" target=\"_blank\" data-ylk=\"slk:Article original publi\u00e9 sur RMC Sport;elm:context_link;itc:0;sec:content-canvas\" class=\"link \">Article original publi\u00e9 sur RMC Sport<\/a><\/p>\n","protected":false},"excerpt":{"rendered":"Battu dans le sprint final en Ligue 1 la saison pass\u00e9e, Nice devra passer par deux tours qualificatifs&hellip;\n","protected":false},"author":2,"featured_media":264513,"comment_status":"","ping_status":"","sticky":false,"template":"","format":"standard","meta":{"footnotes":""},"categories":[2819],"tags":[1111,11,1430,2511,13723,1777,674,40404,1011,27,3022,447,2428,12,2401,882,93,25],"class_list":{"0":"post-264512","1":"post","2":"type-post","3":"status-publish","4":"format-standard","5":"has-post-thumbnail","7":"category-nice","8":"tag-actu","9":"tag-actualites","10":"tag-benfica","11":"tag-cest","12":"tag-dante","13":"tag-eu","14":"tag-europe","15":"tag-florian-maurice","16":"tag-fr","17":"tag-france","18":"tag-ligue","19":"tag-ligue-des-champions","20":"tag-lyon","21":"tag-news","22":"tag-nice","23":"tag-provence-alpes-cote-dazur","24":"tag-psg","25":"tag-republique-francaise"},"share_on_mastodon":{"url":"https:\/\/pubeurope.com\/@fr\/114894007354955603","error":""},"_links":{"self":[{"href":"https:\/\/www.europesays.com\/fr\/wp-json\/wp\/v2\/posts\/264512","targetHints":{"allow":["GET"]}}],"collection":[{"href":"https:\/\/www.europesays.com\/fr\/wp-json\/wp\/v2\/posts"}],"about":[{"href":"https:\/\/www.europesays.com\/fr\/wp-json\/wp\/v2\/types\/post"}],"author":[{"embeddable":true,"href":"https:\/\/www.europesays.com\/fr\/wp-json\/wp\/v2\/users\/2"}],"replies":[{"embeddable":true,"href":"https:\/\/www.europesays.com\/fr\/wp-json\/wp\/v2\/comments?post=264512"}],"version-history":[{"count":0,"href":"https:\/\/www.europesays.com\/fr\/wp-json\/wp\/v2\/posts\/264512\/revisions"}],"wp:featuredmedia":[{"embeddable":true,"href":"https:\/\/www.europesays.com\/fr\/wp-json\/wp\/v2\/media\/264513"}],"wp:attachment":[{"href":"https:\/\/www.europesays.com\/fr\/wp-json\/wp\/v2\/media?parent=264512"}],"wp:term":[{"taxonomy":"category","embeddable":true,"href":"https:\/\/www.europesays.com\/fr\/wp-json\/wp\/v2\/categories?post=264512"},{"taxonomy":"post_tag","embeddable":true,"href":"https:\/\/www.europesays.com\/fr\/wp-json\/wp\/v2\/tags?post=264512"}],"curies":[{"name":"wp","href":"https:\/\/api.w.org\/{rel}","templated":true}]}}