{"id":264514,"date":"2025-07-22T00:16:11","date_gmt":"2025-07-22T00:16:11","guid":{"rendered":"https:\/\/www.europesays.com\/fr\/264514\/"},"modified":"2025-07-22T00:16:11","modified_gmt":"2025-07-22T00:16:11","slug":"previsions-du-mardi-22-juillet-2025-3","status":"publish","type":"post","link":"https:\/\/www.europesays.com\/fr\/264514\/","title":{"rendered":"pr\u00e9visions du mardi 22 juillet 2025"},"content":{"rendered":"<p>Aujourd&rsquo;hui, \u00e0 Nantes, on sera sous un ciel bien gris, couvert de nuages. Les temp\u00e9ratures s&rsquo;\u00e9chelonneront entre 14 et 24\u00b0C. Des pluies \u00e9parses vont tomber tout au long de la matin\u00e9e. Un vent de sud-ouest soufflera doucement. Les valeurs s&rsquo;\u00e9chelonneront de 23 \u00e0 24\u00b0C sur l&rsquo;ensemble de l&rsquo;apr\u00e8s-midi. Le temps devrait s&rsquo;am\u00e9liorer durant la soir\u00e9e. Pendant votre sommeil, dans la nuit de mardi \u00e0 mercredi, le ciel sera pluvieux.<\/p>\n<p>Les nuages en pr\u00e9vision demain, \u00e0 Nantes, et un ciel encore maussade. Des pluies \u00e9parses vont tomber sur la ville. On pr\u00e9voit des temp\u00e9ratures d&rsquo;environ 19\u00b0C. Un vent de nord-ouest rafra\u00eechira sensiblement l&rsquo;atmosph\u00e8re. Les nuages seront visibles le matin. Il va faire 19\u00b0C en moyenne. Demain apr\u00e8s-midi, toujours des nuages dans le ciel qui emp\u00eachent le soleil d&rsquo;appara\u00eetre. Les valeurs seront comprises entre 20\u00b0C et 23\u00b0C. La grisaille ne se disperse toujours pas, il va y avoir encore des nuages demain soir. La m\u00e9t\u00e9o sera ponctu\u00e9e par des pluies \u00e9parses.<\/p>\n<p>La m\u00e9t\u00e9o des journ\u00e9es suivantes va s&rsquo;am\u00e9liorer. Pr\u00e9voyez 25\u00b0C en moyenne qui accompagneront des journ\u00e9es ensoleill\u00e9es.<\/p>\n<p><\/p>\n","protected":false},"excerpt":{"rendered":"Aujourd&rsquo;hui, \u00e0 Nantes, on sera sous un ciel bien gris, couvert de nuages. Les temp\u00e9ratures s&rsquo;\u00e9chelonneront entre 14&hellip;\n","protected":false},"author":2,"featured_media":264515,"comment_status":"","ping_status":"","sticky":false,"template":"","format":"standard","meta":{"footnotes":""},"categories":[2818],"tags":[1111,11,1777,674,1011,27,3047,766,12,2636,2119,25],"class_list":{"0":"post-264514","1":"post","2":"type-post","3":"status-publish","4":"format-standard","5":"has-post-thumbnail","7":"category-nantes","8":"tag-actu","9":"tag-actualites","10":"tag-eu","11":"tag-europe","12":"tag-fr","13":"tag-france","14":"tag-loire-atlantique","15":"tag-nantes","16":"tag-news","17":"tag-pays-de-la-loire","18":"tag-previsions-meteo","19":"tag-republique-francaise"},"share_on_mastodon":{"url":"","error":""},"_links":{"self":[{"href":"https:\/\/www.europesays.com\/fr\/wp-json\/wp\/v2\/posts\/264514","targetHints":{"allow":["GET"]}}],"collection":[{"href":"https:\/\/www.europesays.com\/fr\/wp-json\/wp\/v2\/posts"}],"about":[{"href":"https:\/\/www.europesays.com\/fr\/wp-json\/wp\/v2\/types\/post"}],"author":[{"embeddable":true,"href":"https:\/\/www.europesays.com\/fr\/wp-json\/wp\/v2\/users\/2"}],"replies":[{"embeddable":true,"href":"https:\/\/www.europesays.com\/fr\/wp-json\/wp\/v2\/comments?post=264514"}],"version-history":[{"count":0,"href":"https:\/\/www.europesays.com\/fr\/wp-json\/wp\/v2\/posts\/264514\/revisions"}],"wp:featuredmedia":[{"embeddable":true,"href":"https:\/\/www.europesays.com\/fr\/wp-json\/wp\/v2\/media\/264515"}],"wp:attachment":[{"href":"https:\/\/www.europesays.com\/fr\/wp-json\/wp\/v2\/media?parent=264514"}],"wp:term":[{"taxonomy":"category","embeddable":true,"href":"https:\/\/www.europesays.com\/fr\/wp-json\/wp\/v2\/categories?post=264514"},{"taxonomy":"post_tag","embeddable":true,"href":"https:\/\/www.europesays.com\/fr\/wp-json\/wp\/v2\/tags?post=264514"}],"curies":[{"name":"wp","href":"https:\/\/api.w.org\/{rel}","templated":true}]}}