{"id":264524,"date":"2025-07-22T00:22:46","date_gmt":"2025-07-22T00:22:46","guid":{"rendered":"https:\/\/www.europesays.com\/fr\/264524\/"},"modified":"2025-07-22T00:22:46","modified_gmt":"2025-07-22T00:22:46","slug":"previsions-du-mardi-22-juillet-2025-4","status":"publish","type":"post","link":"https:\/\/www.europesays.com\/fr\/264524\/","title":{"rendered":"pr\u00e9visions du mardi 22 juillet 2025"},"content":{"rendered":"<p>Aujourd&rsquo;hui, un important soleil rayonnera sur Toulouse. On anticipe des temp\u00e9ratures avoisinant 22\u00b0C. Une l\u00e9g\u00e8re brise de nord-ouest soufflera. Les temp\u00e9ratures vont enregistrer une augmentation de plusieurs degr\u00e9s dans l&rsquo;apr\u00e8s-midi. La ville va souffrir des fortes chaleurs avec des valeurs qui pourraient grimper jusqu&rsquo;\u00e0 30\u00b0C. Les temp\u00e9ratures seront de 27\u00b0C au plus bas et de 30\u00b0C au plus haut. Dans la soir\u00e9e, les temp\u00e9ratures tourneront autour des 26\u00b0C. Durant la nuit de mardi \u00e0 mercredi, le ciel sera clair.<\/p>\n<p>On notera la pr\u00e9sence persistante de nuages demain \u00e0 Toulouse. Une chute des temp\u00e9ratures est \u00e0 pr\u00e9voir. Il va faire en moyenne 20\u00b0C. Un vent d&rsquo;ouest rafra\u00eechira quelque peu l&rsquo;atmosph\u00e8re. D&rsquo;un autre c\u00f4t\u00e9, le soleil sera dominant, la garantie d&rsquo;une magnifique matin\u00e9e ! Demain apr\u00e8s-midi, on sera sous un ciel bien gris, couvert de nuages. Des pluies \u00e9parses vont tomber sur la ville. Les valeurs seront comprises entre 22 et 24\u00b0C. La grisaille ne se disperse toujours pas, il va y avoir encore des nuages demain soir. La m\u00e9t\u00e9o sera marqu\u00e9e par des pluies \u00e9parses.<\/p>\n<p>La m\u00e9t\u00e9o des journ\u00e9es qui suivent va \u00e9voluer progressivement. M\u00eame si le mauvais temps persistera un peu jeudi, il faut pr\u00e9voir une am\u00e9lioration ensuite.<\/p>\n<p><\/p>\n","protected":false},"excerpt":{"rendered":"Aujourd&rsquo;hui, un important soleil rayonnera sur Toulouse. On anticipe des temp\u00e9ratures avoisinant 22\u00b0C. Une l\u00e9g\u00e8re brise de nord-ouest&hellip;\n","protected":false},"author":2,"featured_media":264525,"comment_status":"","ping_status":"","sticky":false,"template":"","format":"standard","meta":{"footnotes":""},"categories":[2816],"tags":[1111,11,1777,674,1011,27,2722,2721,12,2680,2119,25,2312],"class_list":{"0":"post-264524","1":"post","2":"type-post","3":"status-publish","4":"format-standard","5":"has-post-thumbnail","7":"category-toulouse","8":"tag-actu","9":"tag-actualites","10":"tag-eu","11":"tag-europe","12":"tag-fr","13":"tag-france","14":"tag-haute-garonne","15":"tag-midi-pyrenees","16":"tag-news","17":"tag-occitanie","18":"tag-previsions-meteo","19":"tag-republique-francaise","20":"tag-toulouse"},"share_on_mastodon":{"url":"https:\/\/pubeurope.com\/@fr\/114894038825982210","error":""},"_links":{"self":[{"href":"https:\/\/www.europesays.com\/fr\/wp-json\/wp\/v2\/posts\/264524","targetHints":{"allow":["GET"]}}],"collection":[{"href":"https:\/\/www.europesays.com\/fr\/wp-json\/wp\/v2\/posts"}],"about":[{"href":"https:\/\/www.europesays.com\/fr\/wp-json\/wp\/v2\/types\/post"}],"author":[{"embeddable":true,"href":"https:\/\/www.europesays.com\/fr\/wp-json\/wp\/v2\/users\/2"}],"replies":[{"embeddable":true,"href":"https:\/\/www.europesays.com\/fr\/wp-json\/wp\/v2\/comments?post=264524"}],"version-history":[{"count":0,"href":"https:\/\/www.europesays.com\/fr\/wp-json\/wp\/v2\/posts\/264524\/revisions"}],"wp:featuredmedia":[{"embeddable":true,"href":"https:\/\/www.europesays.com\/fr\/wp-json\/wp\/v2\/media\/264525"}],"wp:attachment":[{"href":"https:\/\/www.europesays.com\/fr\/wp-json\/wp\/v2\/media?parent=264524"}],"wp:term":[{"taxonomy":"category","embeddable":true,"href":"https:\/\/www.europesays.com\/fr\/wp-json\/wp\/v2\/categories?post=264524"},{"taxonomy":"post_tag","embeddable":true,"href":"https:\/\/www.europesays.com\/fr\/wp-json\/wp\/v2\/tags?post=264524"}],"curies":[{"name":"wp","href":"https:\/\/api.w.org\/{rel}","templated":true}]}}