{"id":264526,"date":"2025-07-22T00:24:01","date_gmt":"2025-07-22T00:24:01","guid":{"rendered":"https:\/\/www.europesays.com\/fr\/264526\/"},"modified":"2025-07-22T00:24:01","modified_gmt":"2025-07-22T00:24:01","slug":"previsions-du-mardi-22-juillet-2025-5","status":"publish","type":"post","link":"https:\/\/www.europesays.com\/fr\/264526\/","title":{"rendered":"pr\u00e9visions du mardi 22 juillet 2025"},"content":{"rendered":"<p>\u00c0 Lille, la journ\u00e9e va rester voil\u00e9e \u00e0 cause de nuages qui se maintiennent dans le ciel. Des pluies \u00e9parses tomberont. Il fera 19\u00b0C en moyenne. Un vent d&rsquo;ouest, enregistrant 21 km\/h, soufflera le matin. On notera la pr\u00e9sence persistante de nuages l&rsquo;apr\u00e8s-midi. Les temp\u00e9ratures seront de 22\u00b0C au plus bas et de 23\u00b0C au maximum. On pr\u00e9voit une nuit claire entre mardi et mercredi.<\/p>\n<p>Demain, des nuages se montreront sur Lille. Une diminution des temp\u00e9ratures est \u00e0 pr\u00e9voir. Les valeurs afficheront entre 14 et 22\u00b0C. Un vent de sud-ouest rafra\u00eechira quelque peu l&rsquo;atmosph\u00e8re. En revanche, la m\u00e9t\u00e9o va progressivement s&rsquo;am\u00e9liorer dans la matin\u00e9e et laisser place \u00e0 des \u00e9claircies. Les nuages seront pr\u00e9sents demain apr\u00e8s-midi. Des averses sont annonc\u00e9es et peuvent perturber les balades. Les temp\u00e9ratures s&rsquo;\u00e9chelonneront entre 21 et 22\u00b0C. Les nuages en pr\u00e9vision demain soir, et un ciel encore maussade. Il va pleuvoir.<\/p>\n<p>Pour les jours suivants, le temps ne changera pas. Un ciel pluvieux, avec des temp\u00e9ratures de 21\u00b0C en moyenne, est pr\u00e9vu.<\/p>\n<p><\/p>\n","protected":false},"excerpt":{"rendered":"\u00c0 Lille, la journ\u00e9e va rester voil\u00e9e \u00e0 cause de nuages qui se maintiennent dans le ciel. Des&hellip;\n","protected":false},"author":2,"featured_media":264527,"comment_status":"","ping_status":"","sticky":false,"template":"","format":"standard","meta":{"footnotes":""},"categories":[2815],"tags":[1111,11,1777,674,1011,27,811,1307,12,1308,1309,2119,25],"class_list":{"0":"post-264526","1":"post","2":"type-post","3":"status-publish","4":"format-standard","5":"has-post-thumbnail","7":"category-lille","8":"tag-actu","9":"tag-actualites","10":"tag-eu","11":"tag-europe","12":"tag-fr","13":"tag-france","14":"tag-hauts-de-france","15":"tag-lille","16":"tag-news","17":"tag-nord","18":"tag-nord-pas-de-calais","19":"tag-previsions-meteo","20":"tag-republique-francaise"},"share_on_mastodon":{"url":"","error":""},"_links":{"self":[{"href":"https:\/\/www.europesays.com\/fr\/wp-json\/wp\/v2\/posts\/264526","targetHints":{"allow":["GET"]}}],"collection":[{"href":"https:\/\/www.europesays.com\/fr\/wp-json\/wp\/v2\/posts"}],"about":[{"href":"https:\/\/www.europesays.com\/fr\/wp-json\/wp\/v2\/types\/post"}],"author":[{"embeddable":true,"href":"https:\/\/www.europesays.com\/fr\/wp-json\/wp\/v2\/users\/2"}],"replies":[{"embeddable":true,"href":"https:\/\/www.europesays.com\/fr\/wp-json\/wp\/v2\/comments?post=264526"}],"version-history":[{"count":0,"href":"https:\/\/www.europesays.com\/fr\/wp-json\/wp\/v2\/posts\/264526\/revisions"}],"wp:featuredmedia":[{"embeddable":true,"href":"https:\/\/www.europesays.com\/fr\/wp-json\/wp\/v2\/media\/264527"}],"wp:attachment":[{"href":"https:\/\/www.europesays.com\/fr\/wp-json\/wp\/v2\/media?parent=264526"}],"wp:term":[{"taxonomy":"category","embeddable":true,"href":"https:\/\/www.europesays.com\/fr\/wp-json\/wp\/v2\/categories?post=264526"},{"taxonomy":"post_tag","embeddable":true,"href":"https:\/\/www.europesays.com\/fr\/wp-json\/wp\/v2\/tags?post=264526"}],"curies":[{"name":"wp","href":"https:\/\/api.w.org\/{rel}","templated":true}]}}