{"id":264528,"date":"2025-07-22T00:25:39","date_gmt":"2025-07-22T00:25:39","guid":{"rendered":"https:\/\/www.europesays.com\/fr\/264528\/"},"modified":"2025-07-22T00:25:39","modified_gmt":"2025-07-22T00:25:39","slug":"square-ghesquiere-travaux-actualites","status":"publish","type":"post","link":"https:\/\/www.europesays.com\/fr\/264528\/","title":{"rendered":"Square Ghesqui\u00e8re : travaux \/ Actualit\u00e9s"},"content":{"rendered":"<p>Les travaux du square Ghesqui\u00e8re, poumon vert de Wazemmes, d\u00e9marrent en septembre 2025 pour \u00eatre achev\u00e9s mi-2026.\u00a0<\/p>\n<p>            <img loading=\"lazy\" decoding=\"async\" src=\"\/var\/www\/storage\/images\/mediatheque\/mairie-de-lille\/actualites\/images\/2025\/juin-2025\/square-ghesquiere-perspective2\/3795251-1-fre-FR\/Square-Ghesquiere-perspective_news_image_top.jpg\" width=\"779\" height=\"516\" alt=\"\"\/><br \/>\n    \tSquare Ghesqui\u00e8re : perspective (cr\u00e9dit Fran\u00e7ois Marcuz)<\/p>\n<p><strong>Implant\u00e9 entre la station de m\u00e9tro Wazemmes et la mairie de quartier, le plus grand square wazemmois<\/strong> (7 500m2) s\u2019appr\u00eate \u00e0 entamer sa m\u00e9tamorphose. D\u00e9but 2026 (partiellement) puis mi-2026 (totalement), il sera devenu un espace plus vert et propice \u00e0 la d\u00e9tente et aux jeux d\u2019enfants.<\/p>\n<p>Un lieu o\u00f9 l\u2019on a envie de venir ou de s\u2019arr\u00eater<\/p>\n<p>Une concertation avec le Conseil de quartier, le Conseil municipal d&rsquo;enfants et les riverains\u00a0a permis de dessiner le visage du\u00a0<strong>nouveau square,\u00a0qui sera cl\u00f4tur\u00e9 et ferm\u00e9 la nuit<\/strong>. Le grand lin\u00e9aire de pelouse va laisser la place \u00e0 une s\u00e9rie d\u2019espaces diversifi\u00e9s. Trois des jeux existants, pl\u00e9biscit\u00e9s par les \u00e9lus du Conseil municipal d&rsquo;enfants, sont conserv\u00e9s.\u00a0<\/p>\n<p>Un\u00a0<strong>tourniquet<\/strong>\u00a0<strong>et un trampoline inclusifs<\/strong>\u00a0(accessibles \u00e0 tous les enfants, porteurs ou pas d\u2019un handicap) sont ajout\u00e9s.\u00a0Une structure de jeux g\u00e9ante fait de tours, de filets et d&rsquo;activit\u00e9s sensorielles,\u00a0\u00e9galement inclusive donnera une identit\u00e9 forte au square.\u00a0Les habitants pourront aussi venir y jouer au ping-pong et aux \u00e9checs.\u00a0<\/p>\n<p>            <img src-full=\"\/var\/www\/storage\/images\/mediatheque\/mairie-de-lille\/actualites\/images\/2025\/juin-2025\/square-ghesquiere-perspective\/3795255-1-fre-FR\/Square-Ghesquiere-perspective.jpg\" data-caption-full=\"Square Ghesqui\u00e8re : perspective (cr\u00e9dit Fran\u00e7ois Marcuz)\" width=\"465\" height=\"309\" alt=\"Square Ghesqui\u00e8re : perspective\" title=\"Square Ghesqui\u00e8re : perspective\" class=\"align-\"\/>\n    <\/p>\n<p><strong>Du c\u00f4t\u00e9 des v\u00e9g\u00e9taux, place \u00e0 la diversit\u00e9<\/strong><\/p>\n<p>Les arbres existants sont conserv\u00e9s et d\u2019autres sont plant\u00e9s. Les cerisiers d\u00e9j\u00e0 en place sont valoris\u00e9s et rejoints par des pommiers et poiriers. Une prairie fleurie occupe le centre du square. Des massifs, bulbes et arbustes favorisent la biodiversit\u00e9.<\/p>\n<p><strong>Au total, 31 nouveaux arbres fruitiers seront mis en terre pour rejoindre les 67 arbres existants.<\/strong><\/p>\n<p><strong>Pour apaiser l\u2019ensemble,\u00a0la portion de rue entre la mairie de quartier et le square deviendra pi\u00e9tonne.<\/strong><\/p>\n<p>Un square durable avec le r\u00e9emploi des mat\u00e9riaux<\/p>\n<p>Le square actuel a \u00e9t\u00e9 imagin\u00e9 en 2005 par l\u2019agence Nord-Sud Paysage, puis r\u00e9am\u00e9nag\u00e9 en 2015. Il a \u00e9t\u00e9 pens\u00e9 dans un esprit de sobri\u00e9t\u00e9 et avec des marqueurs qui font son identit\u00e9, \u00e0 savoir ses bordures et murets en \u00e9l\u00e9ments en b\u00e9ton. Le projet de r\u00e9am\u00e9nagement conserve les \u00e9l\u00e9ments en bon \u00e9tat et pr\u00e9serve l\u2019esprit du projet de 2005, tout en l\u2019adaptant aux nouveaux enjeux et aux attentes exprim\u00e9es lors de la concertation.<\/p>\n<p>Une r\u00e9novation largement concert\u00e9e<\/p>\n<p>Les am\u00e9nagements d\u00e9coulent du travail de concertation men\u00e9 par la mairie de quartier. Durant l\u2019ann\u00e9e 2024, les conseillers de quartier, le Conseil municipal d&rsquo;enfants et les riverains qui avaient manifest\u00e9 leur int\u00e9r\u00eat pour une requalification du site, se sont r\u00e9unis afin de r\u00e9fl\u00e9chir ensemble aux am\u00e9liorations du square.<\/p>\n<p>Le chantier devrait prendre quelques mois et les enfants pourront d\u00e9couvrir les nouveaux jeux d\u00e8s le d\u00e9but de l&rsquo;ann\u00e9e 2026.\u00a0<\/p>\n","protected":false},"excerpt":{"rendered":"Les travaux du square Ghesqui\u00e8re, poumon vert de Wazemmes, d\u00e9marrent en septembre 2025 pour \u00eatre achev\u00e9s mi-2026.\u00a0 Square&hellip;\n","protected":false},"author":2,"featured_media":264529,"comment_status":"","ping_status":"","sticky":false,"template":"","format":"standard","meta":{"footnotes":""},"categories":[2815],"tags":[1111,11,4763,1777,674,1011,27,811,1307,5415,12,25],"class_list":{"0":"post-264528","1":"post","2":"type-post","3":"status-publish","4":"format-standard","5":"has-post-thumbnail","7":"category-lille","8":"tag-actu","9":"tag-actualites","10":"tag-agenda","11":"tag-eu","12":"tag-europe","13":"tag-fr","14":"tag-france","15":"tag-hauts-de-france","16":"tag-lille","17":"tag-mairie","18":"tag-news","19":"tag-republique-francaise"},"share_on_mastodon":{"url":"https:\/\/pubeurope.com\/@fr\/114894046673672870","error":""},"_links":{"self":[{"href":"https:\/\/www.europesays.com\/fr\/wp-json\/wp\/v2\/posts\/264528","targetHints":{"allow":["GET"]}}],"collection":[{"href":"https:\/\/www.europesays.com\/fr\/wp-json\/wp\/v2\/posts"}],"about":[{"href":"https:\/\/www.europesays.com\/fr\/wp-json\/wp\/v2\/types\/post"}],"author":[{"embeddable":true,"href":"https:\/\/www.europesays.com\/fr\/wp-json\/wp\/v2\/users\/2"}],"replies":[{"embeddable":true,"href":"https:\/\/www.europesays.com\/fr\/wp-json\/wp\/v2\/comments?post=264528"}],"version-history":[{"count":0,"href":"https:\/\/www.europesays.com\/fr\/wp-json\/wp\/v2\/posts\/264528\/revisions"}],"wp:featuredmedia":[{"embeddable":true,"href":"https:\/\/www.europesays.com\/fr\/wp-json\/wp\/v2\/media\/264529"}],"wp:attachment":[{"href":"https:\/\/www.europesays.com\/fr\/wp-json\/wp\/v2\/media?parent=264528"}],"wp:term":[{"taxonomy":"category","embeddable":true,"href":"https:\/\/www.europesays.com\/fr\/wp-json\/wp\/v2\/categories?post=264528"},{"taxonomy":"post_tag","embeddable":true,"href":"https:\/\/www.europesays.com\/fr\/wp-json\/wp\/v2\/tags?post=264528"}],"curies":[{"name":"wp","href":"https:\/\/api.w.org\/{rel}","templated":true}]}}