{"id":264533,"date":"2025-07-22T00:30:45","date_gmt":"2025-07-22T00:30:45","guid":{"rendered":"https:\/\/www.europesays.com\/fr\/264533\/"},"modified":"2025-07-22T00:30:45","modified_gmt":"2025-07-22T00:30:45","slug":"previsions-du-mardi-22-juillet-2025-6","status":"publish","type":"post","link":"https:\/\/www.europesays.com\/fr\/264533\/","title":{"rendered":"pr\u00e9visions du mardi 22 juillet 2025"},"content":{"rendered":"<p>Cette journ\u00e9e sera synonyme de beau soleil pour Lyon. On anticipe des temp\u00e9ratures d&rsquo;environ 21\u00b0C. Il fera environ 21\u00b0C, le matin. Une modeste brise de nord-ouest sera ressentie par les habitants. L&rsquo;apr\u00e8s-midi, c&rsquo;est une hausse de plusieurs degr\u00e9s que vont conna\u00eetre les temp\u00e9ratures. Les valeurs afficheront entre 25 et 27\u00b0C. On passera de mardi \u00e0 mercredi par une nuit claire.<\/p>\n<p>Avec des nuages demain, \u00e0 Lyon, le ciel sera encore couvert. Les temp\u00e9ratures vont baisser de quelques degr\u00e9s. Le thermom\u00e8tre affichera 20\u00b0C en moyenne. D&rsquo;un autre c\u00f4t\u00e9, la matin\u00e9e qui s&rsquo;annonce, promet d&rsquo;\u00eatre superbe et ensoleill\u00e9e ! Les temp\u00e9ratures seront de 23\u00b0C. Un vent de sud-est soufflera l\u00e9g\u00e8rement, avec 4 km\/h. Le soleil se montrerait plus t\u00f4t dans l&rsquo;apr\u00e8s-midi si des nuages ne retardaient pas son arriv\u00e9e. Il va pleuvoir. Les valeurs seront de 16\u00b0C au minimum et de 26\u00b0C au maximum. Dans la soir\u00e9e, le brouillard sera relativement install\u00e9. Un l\u00e9ger vent de sud-est soufflera.<\/p>\n<p>Les conditions m\u00e9t\u00e9orologiques vont s&rsquo;am\u00e9liorer dans les journ\u00e9es suivantes. Il va faire un temps assez ensoleill\u00e9 avec des temp\u00e9ratures avoisinant 25\u00b0C.<\/p>\n<p><\/p>\n","protected":false},"excerpt":{"rendered":"Cette journ\u00e9e sera synonyme de beau soleil pour Lyon. On anticipe des temp\u00e9ratures d&rsquo;environ 21\u00b0C. Il fera environ&hellip;\n","protected":false},"author":2,"featured_media":264534,"comment_status":"","ping_status":"","sticky":false,"template":"","format":"standard","meta":{"footnotes":""},"categories":[1889],"tags":[1111,11,2430,1777,674,1011,27,2428,12,2119,25,2429,2431],"class_list":{"0":"post-264533","1":"post","2":"type-post","3":"status-publish","4":"format-standard","5":"has-post-thumbnail","7":"category-lyon","8":"tag-actu","9":"tag-actualites","10":"tag-auvergne-rhone-alpes","11":"tag-eu","12":"tag-europe","13":"tag-fr","14":"tag-france","15":"tag-lyon","16":"tag-news","17":"tag-previsions-meteo","18":"tag-republique-francaise","19":"tag-rhone","20":"tag-rhone-alpes"},"share_on_mastodon":{"url":"https:\/\/pubeurope.com\/@fr\/114894066372500834","error":""},"_links":{"self":[{"href":"https:\/\/www.europesays.com\/fr\/wp-json\/wp\/v2\/posts\/264533","targetHints":{"allow":["GET"]}}],"collection":[{"href":"https:\/\/www.europesays.com\/fr\/wp-json\/wp\/v2\/posts"}],"about":[{"href":"https:\/\/www.europesays.com\/fr\/wp-json\/wp\/v2\/types\/post"}],"author":[{"embeddable":true,"href":"https:\/\/www.europesays.com\/fr\/wp-json\/wp\/v2\/users\/2"}],"replies":[{"embeddable":true,"href":"https:\/\/www.europesays.com\/fr\/wp-json\/wp\/v2\/comments?post=264533"}],"version-history":[{"count":0,"href":"https:\/\/www.europesays.com\/fr\/wp-json\/wp\/v2\/posts\/264533\/revisions"}],"wp:featuredmedia":[{"embeddable":true,"href":"https:\/\/www.europesays.com\/fr\/wp-json\/wp\/v2\/media\/264534"}],"wp:attachment":[{"href":"https:\/\/www.europesays.com\/fr\/wp-json\/wp\/v2\/media?parent=264533"}],"wp:term":[{"taxonomy":"category","embeddable":true,"href":"https:\/\/www.europesays.com\/fr\/wp-json\/wp\/v2\/categories?post=264533"},{"taxonomy":"post_tag","embeddable":true,"href":"https:\/\/www.europesays.com\/fr\/wp-json\/wp\/v2\/tags?post=264533"}],"curies":[{"name":"wp","href":"https:\/\/api.w.org\/{rel}","templated":true}]}}