{"id":264543,"date":"2025-07-22T00:37:31","date_gmt":"2025-07-22T00:37:31","guid":{"rendered":"https:\/\/www.europesays.com\/fr\/264543\/"},"modified":"2025-07-22T00:37:31","modified_gmt":"2025-07-22T00:37:31","slug":"un-tgv-brest-paris-oublie-un-arret-dans-une-gare-bretonne-80-personnes-restent-a-quai","status":"publish","type":"post","link":"https:\/\/www.europesays.com\/fr\/264543\/","title":{"rendered":"Un TGV Brest-Paris oublie un arr\u00eat dans une gare bretonne, 80 personnes restent \u00e0 quai"},"content":{"rendered":"<p>Au total, 90 passagers du TGV parti de Brest en direction de Paris samedi apr\u00e8s-midi ont d\u00fb modifier leur trajet apr\u00e8s que le conducteur a oubli\u00e9 de marquer l\u2019arr\u00eat \u00e0 la gare de Lamballe, dans les C\u00f4tes-d\u2019Armor.<\/p>\n<p class=\"fig-paragraph\">Un passager qui manque son train, cela peut arriver, mais qu\u2019un train manque ses passagers, cela est bien plus rare. Cette dr\u00f4le de m\u00e9saventure est arriv\u00e9e samedi 19 juillet\u00a0: le\u00a0<a href=\"http:\/\/www.lefigaro.fr\/conjoncture\/plus-de-six-heures-de-retard-pour-un-tgv-bordeaux-paris-qui-avait-percute-une-personne-sur-les-voies-20250630\" target=\"_blank\" data-fig-type=\"NewsFlash\" rel=\"noopener\" data-gtm-custom-categorie=\"navigation\" data-gtm-custom-action=\"crossclick\" data-gtm-custom-label=\"Contextuel\" data-gtm-event=\"customEventSPE\" data-fig-domain=\"LEFIGARO\">train \u00e0 grande vitesse (TGV)<\/a>\u00a0au d\u00e9part de Brest et \u00e0 destination de la<a href=\"http:\/\/www.lefigaro.fr\/actualite-france\/de-retour-de-chartres-un-jeune-pelerin-verbalise-a-montparnasse-pour-avoir-chante-dans-la-gare-20250610\" target=\"_blank\" data-fig-type=\"Article\" rel=\"noopener\" data-gtm-custom-categorie=\"navigation\" data-gtm-custom-action=\"crossclick\" data-gtm-custom-label=\"Contextuel\" data-gtm-event=\"customEventSPE\" data-fig-domain=\"LEFIGARO\">\u00a0gare Montparnasse<\/a>\u00a0\u00e0 Paris n\u2019a pas marqu\u00e9 son arr\u00eat en gare de Lamballe-Armor (Bretagne) pourtant pr\u00e9vu pendant son trajet, d\u2019apr\u00e8s les informations du\u00a0<a href=\"https:\/\/www.letelegramme.fr\/bretagne\/le-conducteur-du-tgv-brest-paris-oublie-de-sarreter-80-personnes-restent-a-quai-en-gare-de-lamballe-6858249.php\" target=\"_blank\" rel=\"noopener\" data-gtm-custom-categorie=\"navigation\" data-gtm-custom-action=\"crossclick\" data-gtm-custom-label=\"Contextuel\" data-gtm-event=\"customEventSPE\">T\u00e9l\u00e9gramme<\/a> .<\/p>\n<p class=\"fig-paragraph\">\u00c0 17h42 samedi, 80 passagers attendaient de pouvoir monter dans ce train et 10 autres \u00e9taient cens\u00e9es descendre \u00e0 la gare de Lamballe, soit l\u2019un des six arr\u00eats programm\u00e9s entre Brest et la capitale. Finalement, c\u2019est un autre chemin qui a \u00e9t\u00e9 emprunt\u00e9 par ces personnes pour rejoindre leur destination.<\/p>\n<p>                                    <a class=\"fig-a11y-skip a11y-hidden\" href=\"#fig-a11y-skip-main-inarticle\"><br \/>\n        Passer la publicit\u00e9<br \/>\n    <\/a><\/p>\n<p>Retard \u00e9vit\u00e9<\/p>\n<p class=\"fig-paragraph\">La SNCF a tenu \u00e0 \u00ab s\u2019excuser aupr\u00e8s de ses clients pour la g\u00eane occasionn\u00e9e\u00bb.\u00a0Les 80 personnes rest\u00e9es \u00e0 quai ont pu monter dans un TER mobilis\u00e9 \u00aben une vingtaine de minutes\u00bb, et repartir \u00e0 18h07 en direction de Rennes, o\u00f9 un autre train attendait les voyageurs. Ces derniers ont ainsi pu repartir vers leur destination et sont arriv\u00e9s \u00absans retard\u00bb a affirm\u00e9 la SNCF, qui a tenu \u00e0 saluer la \u00abtr\u00e8s belle r\u00e9activit\u00e9 de (nos) coll\u00e8gues\u00bb.<\/p>\n<p class=\"fig-paragraph\">Concernant les 10 passagers qui n\u2019ont pas pu descendre \u00e0 Lamballe, ils ont d\u00fb sortir du train \u00e0 la gare de Rennes attendre qu\u2019un TER se lib\u00e8re. Ils ont ensuite pris le chemin inverse pour retourner \u00e0 Lamballe. La soci\u00e9t\u00e9 ferroviaire a mis en place \u00abun service de taxi\u00bb et pris en charge les frais pour que chaque voyageur puisse rejoindre sa destination .<\/p>\n<p class=\"fig-paragraph\">Ce genre d\u2019\u00e9v\u00e9nement \u00abdemeure exceptionnel\u00bb souligne la SNCF, qui s\u2019est f\u00e9licit\u00e9e des cons\u00e9quences minimes pour l\u2019ensemble des clients touch\u00e9 par cet \u00e9tonnant oubli. Si aucune justification n\u2019a \u00e9t\u00e9 communiqu\u00e9e pour l\u2019heure, un probl\u00e8me li\u00e9 \u00e0 des balises pourrait \u00eatre la cause de cet incident, d\u2019apr\u00e8s les informations du T\u00e9l\u00e9gramme.<\/p>\n","protected":false},"excerpt":{"rendered":"Au total, 90 passagers du TGV parti de Brest en direction de Paris samedi apr\u00e8s-midi ont d\u00fb modifier&hellip;\n","protected":false},"author":2,"featured_media":264544,"comment_status":"","ping_status":"","sticky":false,"template":"","format":"standard","meta":{"footnotes":""},"categories":[1888],"tags":[1111,1928,11,1927,829,1777,674,1011,27,12,1926,626,1925,25,2215,34361],"class_list":{"0":"post-264543","1":"post","2":"type-post","3":"status-publish","4":"format-standard","5":"has-post-thumbnail","7":"category-paris","8":"tag-actu","9":"tag-actu-paris","10":"tag-actualites","11":"tag-actualites-paris","12":"tag-bretagne","13":"tag-eu","14":"tag-europe","15":"tag-fr","16":"tag-france","17":"tag-news","18":"tag-news-paris","19":"tag-paris","20":"tag-paris-news","21":"tag-republique-francaise","22":"tag-sncf","23":"tag-tgv-inoui"},"share_on_mastodon":{"url":"https:\/\/pubeurope.com\/@fr\/114894094028781721","error":""},"_links":{"self":[{"href":"https:\/\/www.europesays.com\/fr\/wp-json\/wp\/v2\/posts\/264543","targetHints":{"allow":["GET"]}}],"collection":[{"href":"https:\/\/www.europesays.com\/fr\/wp-json\/wp\/v2\/posts"}],"about":[{"href":"https:\/\/www.europesays.com\/fr\/wp-json\/wp\/v2\/types\/post"}],"author":[{"embeddable":true,"href":"https:\/\/www.europesays.com\/fr\/wp-json\/wp\/v2\/users\/2"}],"replies":[{"embeddable":true,"href":"https:\/\/www.europesays.com\/fr\/wp-json\/wp\/v2\/comments?post=264543"}],"version-history":[{"count":0,"href":"https:\/\/www.europesays.com\/fr\/wp-json\/wp\/v2\/posts\/264543\/revisions"}],"wp:featuredmedia":[{"embeddable":true,"href":"https:\/\/www.europesays.com\/fr\/wp-json\/wp\/v2\/media\/264544"}],"wp:attachment":[{"href":"https:\/\/www.europesays.com\/fr\/wp-json\/wp\/v2\/media?parent=264543"}],"wp:term":[{"taxonomy":"category","embeddable":true,"href":"https:\/\/www.europesays.com\/fr\/wp-json\/wp\/v2\/categories?post=264543"},{"taxonomy":"post_tag","embeddable":true,"href":"https:\/\/www.europesays.com\/fr\/wp-json\/wp\/v2\/tags?post=264543"}],"curies":[{"name":"wp","href":"https:\/\/api.w.org\/{rel}","templated":true}]}}