{"id":264545,"date":"2025-07-22T00:38:25","date_gmt":"2025-07-22T00:38:25","guid":{"rendered":"https:\/\/www.europesays.com\/fr\/264545\/"},"modified":"2025-07-22T00:38:25","modified_gmt":"2025-07-22T00:38:25","slug":"lile-saint-denis-une-femme-asperge-trois-policiers-dammoniaque-lors-dun-differend-de-voisinage","status":"publish","type":"post","link":"https:\/\/www.europesays.com\/fr\/264545\/","title":{"rendered":"L\u2019\u00cele-Saint-Denis\u00a0: une femme asperge trois policiers d\u2019ammoniaque lors d\u2019un diff\u00e9rend de voisinage"},"content":{"rendered":"<p class=\"paragraph text_align_left lp-f-body-02\">L\u2019intervention de la brigade territoriale de contact (BTC) de Saint-Denis a d\u00e9g\u00e9n\u00e9r\u00e9 dans la soir\u00e9e de dimanche soir vers 23h30 \u00e0 L\u2019\u00cele-Saint-Denis (Seine-Saint-Denis). Trois policiers ont \u00e9t\u00e9 appel\u00e9s pour ce qui est pr\u00e9sent\u00e9 par leur interlocuteur comme \u00ab un diff\u00e9rend entre voisins \u00bb. En guise de comit\u00e9 d\u2019accueil, ils ont \u00e9t\u00e9 arros\u00e9s de liquide d\u2019ammoniaque. L\u2019un d\u2019eux a re\u00e7u une projection dans l\u2019\u0153il et a d\u00fb \u00eatre transport\u00e9 aux urgences. On ignore la gravit\u00e9 de ses l\u00e9sions.<\/p>\n<p class=\"paragraph text_align_left lp-f-body-02\">Quand les policiers de la brigade de nuit p\u00e9n\u00e8trent dans cet immeuble modeste au 9, rue du Bocage, \u00ab ils sont accueillis par une femme qui les fait rentrer dans son appartement puis un homme surgit et leur intime de quitter les lieux \u00bb, indique une source proche du dossier. C\u2019est dans cet intervalle qu\u2019une femme, une m\u00e8re de famille, se serait saisie de la bouteille de produit m\u00e9nager qui lui tombait sous la main et en aurait asperg\u00e9 la patrouille \u00e0 plusieurs reprises.<\/p>\n<p class=\"paragraph text_align_left lp-f-body-02\">Imm\u00e9diatement, l\u2019un des fonctionnaires porte les mains \u00e0 son visage car il ressent une vive br\u00fblure aux yeux. Les policiers pensent d\u2019abord \u00e0 une projection d\u2019acide. Il s\u2019av\u00e8re que le produit est de l\u2019ammoniaque. Ses effets sont moins ravageurs que l\u2019acide mais ils peuvent \u00eatre tr\u00e8s nocifs. \u00c0 forte concentration dans un espace ferm\u00e9, il est tr\u00e8s irritant pour le syst\u00e8me respiratoire, la peau et les yeux et peut provoquer des \u0153d\u00e8mes pulmonaires.<\/p>\n<blockquote class=\"twitter-tweet\">\n<p lang=\"fr\" dir=\"ltr\">J&rsquo;apporte mon soutien aux trois policiers de la <a href=\"https:\/\/twitter.com\/prefpolice?ref_src=twsrc%5Etfw\" rel=\"nofollow noopener\" target=\"_blank\">@prefpolice<\/a> intervenus hier soir \u00e0 <a href=\"https:\/\/twitter.com\/hashtag\/L%C3%8EleSaintDenis?src=hash&amp;ref_src=twsrc%5Etfw\" rel=\"nofollow noopener\" target=\"_blank\">#L\u00celeSaintDenis<\/a> pour un diff\u00e9rend de voisinage et violemment pris \u00e0 partie. Ils ont \u00e9t\u00e9 asperg\u00e9s \u00e0 plusieurs reprises d&rsquo;ammoniaque.<br \/>L&rsquo;un d&rsquo;eux, atteint \u00e0 l\u2019\u0153il, a \u00e9t\u00e9 hospitalis\u00e9.<\/p>\n<p>Les trois\u2026 <a href=\"https:\/\/t.co\/NVJXzZSs1s\" rel=\"nofollow\">pic.twitter.com\/NVJXzZSs1s<\/a><\/p>\n<p>\u2014 Laurent Nu\u00f1ez (@NunezLaurent) <a href=\"https:\/\/twitter.com\/NunezLaurent\/status\/1947223877639078258?ref_src=twsrc%5Etfw\" rel=\"nofollow noopener\" target=\"_blank\">July 21, 2025<\/a><\/p><\/blockquote>\n<p class=\"paragraph text_align_left lp-f-body-02\">Trois personnes ont \u00e9t\u00e9 interpell\u00e9es, dont la femme qui a asperg\u00e9 la patrouille. Laurent Nu\u00f1ez, le pr\u00e9fet de police de Paris, a apport\u00e9 son soutien aux trois policiers pris \u00e0 partie. Selon les chiffres du minist\u00e8re de l\u2019Int\u00e9rieur, <a href=\"https:\/\/www.leparisien.fr\/seine-saint-denis-93\/drancy-93700\/drancy-pris-a-partie-par-un-groupe-un-policier-tire-sur-une-jeune-de-18-ans-le-blessant-grievement-02-05-2025-XYFMYET67BF7NHTS3NGSBFK7CM.php\" target=\"_self\" rel=\"nofollow noopener\">15 150 policiers ont \u00e9t\u00e9 bless\u00e9s dans l\u2019exercice de leurs fonctions en 2023<\/a>, soit 40 par jour.<\/p>\n<p><script async src=\"https:\/\/platform.twitter.com\/widgets.js\" charset=\"utf-8\"><\/script><\/p>\n","protected":false},"excerpt":{"rendered":"L\u2019intervention de la brigade territoriale de contact (BTC) de Saint-Denis a d\u00e9g\u00e9n\u00e9r\u00e9 dans la soir\u00e9e de dimanche soir&hellip;\n","protected":false},"author":2,"featured_media":264546,"comment_status":"","ping_status":"","sticky":false,"template":"","format":"standard","meta":{"footnotes":""},"categories":[1888],"tags":[11,1777,674,1011,27,1944,12,626,25,1945],"class_list":{"0":"post-264545","1":"post","2":"type-post","3":"status-publish","4":"format-standard","5":"has-post-thumbnail","7":"category-paris","8":"tag-actualites","9":"tag-eu","10":"tag-europe","11":"tag-fr","12":"tag-france","13":"tag-ma-ville","14":"tag-news","15":"tag-paris","16":"tag-republique-francaise","17":"tag-seine-saint-denis"},"share_on_mastodon":{"url":"https:\/\/pubeurope.com\/@fr\/114894097803225258","error":""},"_links":{"self":[{"href":"https:\/\/www.europesays.com\/fr\/wp-json\/wp\/v2\/posts\/264545","targetHints":{"allow":["GET"]}}],"collection":[{"href":"https:\/\/www.europesays.com\/fr\/wp-json\/wp\/v2\/posts"}],"about":[{"href":"https:\/\/www.europesays.com\/fr\/wp-json\/wp\/v2\/types\/post"}],"author":[{"embeddable":true,"href":"https:\/\/www.europesays.com\/fr\/wp-json\/wp\/v2\/users\/2"}],"replies":[{"embeddable":true,"href":"https:\/\/www.europesays.com\/fr\/wp-json\/wp\/v2\/comments?post=264545"}],"version-history":[{"count":0,"href":"https:\/\/www.europesays.com\/fr\/wp-json\/wp\/v2\/posts\/264545\/revisions"}],"wp:featuredmedia":[{"embeddable":true,"href":"https:\/\/www.europesays.com\/fr\/wp-json\/wp\/v2\/media\/264546"}],"wp:attachment":[{"href":"https:\/\/www.europesays.com\/fr\/wp-json\/wp\/v2\/media?parent=264545"}],"wp:term":[{"taxonomy":"category","embeddable":true,"href":"https:\/\/www.europesays.com\/fr\/wp-json\/wp\/v2\/categories?post=264545"},{"taxonomy":"post_tag","embeddable":true,"href":"https:\/\/www.europesays.com\/fr\/wp-json\/wp\/v2\/tags?post=264545"}],"curies":[{"name":"wp","href":"https:\/\/api.w.org\/{rel}","templated":true}]}}