{"id":264547,"date":"2025-07-22T00:39:20","date_gmt":"2025-07-22T00:39:20","guid":{"rendered":"https:\/\/www.europesays.com\/fr\/264547\/"},"modified":"2025-07-22T00:39:20","modified_gmt":"2025-07-22T00:39:20","slug":"limmense-chagrin-de-la-mere-domar-3-ans-mort-ecrase-par-un-camion-poubelle-comment-na-t-il-pas-pu-le-voir","status":"publish","type":"post","link":"https:\/\/www.europesays.com\/fr\/264547\/","title":{"rendered":"L\u2019immense chagrin de la m\u00e8re d\u2019Omar, 3\u00a0ans, mort \u00e9cras\u00e9 par un camion poubelle\u00a0: \u00ab\u00a0Comment n\u2019a-t-il pas pu le voir\u00a0?\u00a0\u00bb"},"content":{"rendered":"<p class=\"paragraph text_align_left lp-f-body-02\">Sur le canap\u00e9 de l\u2019appartement familial, Fenda, 24 ans, tient sur ses genoux le carnet de sant\u00e9 de son fils. Omar, son petit gar\u00e7on \u00e2g\u00e9 de trois ans, est d\u00e9c\u00e9d\u00e9 la veille apr\u00e8s avoir eu l<a href=\"https:\/\/www.leparisien.fr\/faits-divers\/paris-un-enfant-de-cinq-ans-ecrase-par-un-camion-poubelle-20-07-2025-5AXWAZOQWFAP7OH7XF6TEIY7W4.php\" target=\"_blank\" rel=\"noreferrer noopener\">e pied \u00e9cras\u00e9 par un camion poubelle rue Claude-Decaen<\/a>, dans le XIIe arrondissement de Paris.<\/p>\n<p class=\"paragraph text_align_left lp-f-body-02\">L\u2019enfant a succomb\u00e9 \u00e0 ses blessures quelques heures plus tard \u00e0 l\u2019h\u00f4pital Robert-Debr\u00e9, malgr\u00e9 les efforts des secours. \u00ab C\u2019\u00e9tait un gar\u00e7on actif, joyeux, entour\u00e9 de ses proches, confie sa maman. Il aimait rendre visite \u00e0 sa grand-m\u00e8re, nous faisait rire et riait avec nous\u2026 \u00bb<\/p>\n","protected":false},"excerpt":{"rendered":"Sur le canap\u00e9 de l\u2019appartement familial, Fenda, 24 ans, tient sur ses genoux le carnet de sant\u00e9 de&hellip;\n","protected":false},"author":2,"featured_media":264548,"comment_status":"","ping_status":"","sticky":false,"template":"","format":"standard","meta":{"footnotes":""},"categories":[1888],"tags":[11,1777,674,118,1011,27,1944,12,626,25],"class_list":{"0":"post-264547","1":"post","2":"type-post","3":"status-publish","4":"format-standard","5":"has-post-thumbnail","7":"category-paris","8":"tag-actualites","9":"tag-eu","10":"tag-europe","11":"tag-faits-divers","12":"tag-fr","13":"tag-france","14":"tag-ma-ville","15":"tag-news","16":"tag-paris","17":"tag-republique-francaise"},"share_on_mastodon":{"url":"https:\/\/pubeurope.com\/@fr\/114894101746553172","error":""},"_links":{"self":[{"href":"https:\/\/www.europesays.com\/fr\/wp-json\/wp\/v2\/posts\/264547","targetHints":{"allow":["GET"]}}],"collection":[{"href":"https:\/\/www.europesays.com\/fr\/wp-json\/wp\/v2\/posts"}],"about":[{"href":"https:\/\/www.europesays.com\/fr\/wp-json\/wp\/v2\/types\/post"}],"author":[{"embeddable":true,"href":"https:\/\/www.europesays.com\/fr\/wp-json\/wp\/v2\/users\/2"}],"replies":[{"embeddable":true,"href":"https:\/\/www.europesays.com\/fr\/wp-json\/wp\/v2\/comments?post=264547"}],"version-history":[{"count":0,"href":"https:\/\/www.europesays.com\/fr\/wp-json\/wp\/v2\/posts\/264547\/revisions"}],"wp:featuredmedia":[{"embeddable":true,"href":"https:\/\/www.europesays.com\/fr\/wp-json\/wp\/v2\/media\/264548"}],"wp:attachment":[{"href":"https:\/\/www.europesays.com\/fr\/wp-json\/wp\/v2\/media?parent=264547"}],"wp:term":[{"taxonomy":"category","embeddable":true,"href":"https:\/\/www.europesays.com\/fr\/wp-json\/wp\/v2\/categories?post=264547"},{"taxonomy":"post_tag","embeddable":true,"href":"https:\/\/www.europesays.com\/fr\/wp-json\/wp\/v2\/tags?post=264547"}],"curies":[{"name":"wp","href":"https:\/\/api.w.org\/{rel}","templated":true}]}}