{"id":264549,"date":"2025-07-22T00:40:57","date_gmt":"2025-07-22T00:40:57","guid":{"rendered":"https:\/\/www.europesays.com\/fr\/264549\/"},"modified":"2025-07-22T00:40:57","modified_gmt":"2025-07-22T00:40:57","slug":"le-ministre-des-affaires-etrangeres-francais-denonce-les-exigences-maximalistes-de-moscou-avant-les-pourparlers-de-paix-avec-la-russie-prevus-mercredi-en-turquie","status":"publish","type":"post","link":"https:\/\/www.europesays.com\/fr\/264549\/","title":{"rendered":"le ministre des affaires \u00e9trang\u00e8res fran\u00e7ais d\u00e9nonce les \u00ab\u00a0exigences maximalistes\u00a0\u00bb de Moscou, avant les pourparlers de paix avec la Russie pr\u00e9vus mercredi, en Turquie"},"content":{"rendered":"<p>   Annulation du concert en Italie d\u2019un chef d\u2019orchestre russe proche de Vladimir Poutine                        <\/p>\n<p class=\"post__live-container--answer-text post__space-node\">Le chef d\u2019orchestre, \u00e9galement directeur du c\u00e9l\u00e8bre th\u00e9\u00e2tre Bolcho\u00ef de Moscou et ami personnel de Vladimir Poutine, devait diriger un concert dans le cadre du festival Un \u00e9t\u00e9 de roi\u00a0organis\u00e9 au palais de Caserte, ancienne r\u00e9sidence royale des Bourbons de Naples.<\/p>\n<p class=\"post__live-container--answer-text post__space-node\">D\u00e8s les premi\u00e8res heures de l\u2019entr\u00e9e des troupes russes en Ukraine, le 24\u00a0f\u00e9vrier\u00a02022, Valery Gergiev, l\u2019un des chefs d\u2019orchestre les plus sollicit\u00e9s au monde, avait \u00e9t\u00e9 somm\u00e9 de prendre position contre les agissements du Kremlin sous peine de se voir blacklist\u00e9 des institutions musicales. D\u00e9clar\u00e9 persona non grata sur le sol am\u00e9ricain, le maestro avait, pour avoir gard\u00e9 le silence, \u00e9t\u00e9 banni <a href=\"https:\/\/www.lemonde.fr\/culture\/article\/2022\/03\/01\/ukraine-les-pays-de-l-otan-lancent-un-ultimatum-au-chef-d-orchestre-russe-valery-gergiev_6115718_3246.html?random=667473522\" rel=\"nofollow noopener\" target=\"_blank\">des sc\u00e8nes europ\u00e9ennes<\/a>, \u00e0 commencer par la Scala de Milan, qui l\u2019avait d\u00e9programm\u00e9, le lendemain de la premi\u00e8re, le 23\u00a0f\u00e9vrier, de la s\u00e9rie de repr\u00e9sentations de\u00a0La Dame de pique, de Tcha\u00efkovski.<\/p>\n<p class=\"post__live-container--answer-text post__space-node\">\u00ab\u00a0Il est inacceptable que des fonds europ\u00e9ens soient utilis\u00e9s pour financer la performance d\u2019un partisan du Kremlin\u00a0\u00bb, s\u2019\u00e9tait emport\u00e9, d\u00e8s le 5\u00a0juillet, sur le r\u00e9seau social\u00a0X, l\u2019Italienne Pina Picierno, vice-pr\u00e9sidente du Parlement europ\u00e9en, provoquant une r\u00e9action du porte-parole de la Commission europ\u00e9enne, qui en appelait \u00e0 la responsabilit\u00e9 des Etats membres.<\/p>\n<p class=\"post__live-container--answer-text post__space-node\">Si la venue de Valery Gergiev en Italie a fait des vagues, sa pr\u00e9sence annonc\u00e9e pour le d\u00e9but de 2026\u00a0en Espagne est pass\u00e9e plus inaper\u00e7ue. Invit\u00e9 avec ses musiciens du th\u00e9\u00e2tre Mariinski dans le cadre de la 42e\u00a0\u00e9dition de La Temporada, il doit diriger \u00e0 Barcelone et dans plusieurs autres villes d\u2019Espagne.<\/p>\n","protected":false},"excerpt":{"rendered":"Annulation du concert en Italie d\u2019un chef d\u2019orchestre russe proche de Vladimir Poutine Le chef d\u2019orchestre, \u00e9galement directeur&hellip;\n","protected":false},"author":2,"featured_media":264550,"comment_status":"","ping_status":"","sticky":false,"template":"","format":"standard","meta":{"footnotes":""},"categories":[1591],"tags":[11,1887,12,1885,1886,132],"class_list":{"0":"post-264549","1":"post","2":"type-post","3":"status-publish","4":"format-standard","5":"has-post-thumbnail","7":"category-russie","8":"tag-actualites","9":"tag-federation-de-russie","10":"tag-news","11":"tag-russia","12":"tag-russian-federation","13":"tag-russie"},"share_on_mastodon":{"url":"https:\/\/pubeurope.com\/@fr\/114894109568992942","error":""},"_links":{"self":[{"href":"https:\/\/www.europesays.com\/fr\/wp-json\/wp\/v2\/posts\/264549","targetHints":{"allow":["GET"]}}],"collection":[{"href":"https:\/\/www.europesays.com\/fr\/wp-json\/wp\/v2\/posts"}],"about":[{"href":"https:\/\/www.europesays.com\/fr\/wp-json\/wp\/v2\/types\/post"}],"author":[{"embeddable":true,"href":"https:\/\/www.europesays.com\/fr\/wp-json\/wp\/v2\/users\/2"}],"replies":[{"embeddable":true,"href":"https:\/\/www.europesays.com\/fr\/wp-json\/wp\/v2\/comments?post=264549"}],"version-history":[{"count":0,"href":"https:\/\/www.europesays.com\/fr\/wp-json\/wp\/v2\/posts\/264549\/revisions"}],"wp:featuredmedia":[{"embeddable":true,"href":"https:\/\/www.europesays.com\/fr\/wp-json\/wp\/v2\/media\/264550"}],"wp:attachment":[{"href":"https:\/\/www.europesays.com\/fr\/wp-json\/wp\/v2\/media?parent=264549"}],"wp:term":[{"taxonomy":"category","embeddable":true,"href":"https:\/\/www.europesays.com\/fr\/wp-json\/wp\/v2\/categories?post=264549"},{"taxonomy":"post_tag","embeddable":true,"href":"https:\/\/www.europesays.com\/fr\/wp-json\/wp\/v2\/tags?post=264549"}],"curies":[{"name":"wp","href":"https:\/\/api.w.org\/{rel}","templated":true}]}}