{"id":26455,"date":"2025-04-15T12:01:44","date_gmt":"2025-04-15T12:01:44","guid":{"rendered":"https:\/\/www.europesays.com\/fr\/26455\/"},"modified":"2025-04-15T12:01:44","modified_gmt":"2025-04-15T12:01:44","slug":"il-achete-une-mercedes-dans-une-concession-des-alpes-maritimes-les-gendarmes-debarquent-chez-lui-pour-immobiliser-le-vehicule","status":"publish","type":"post","link":"https:\/\/www.europesays.com\/fr\/26455\/","title":{"rendered":"Il ach\u00e8te une Mercedes dans une concession des Alpes-Maritimes, les gendarmes d\u00e9barquent chez lui pour immobiliser le v\u00e9hicule"},"content":{"rendered":"<p>Un petit cadeau de retraite. C\u2019est ainsi qu\u2019Eric Cardona consid\u00e9rait l\u2019achat d\u2019une belle Mercedes C 220 CDI le 26 avril 2023, alors que ce kin\u00e9sith\u00e9rapeute au centre cardiothoracique de Monaco \u00e9tait \u00e0 deux ans de cesser son activit\u00e9 professionnelle.<\/p>\n<p>H\u00e9las, le Biotois n\u2019aura pas profit\u00e9 longtemps de sa belle voiture d\u2019occasion. Il en avait fi\u00e8rement pris possession \u00e0 la concession Buymycar du Cannet, contre 51.207 euros pay\u00e9s cash.<\/p>\n<p>\u00ab\u00a0J\u2019avais d\u00e9j\u00e0 achet\u00e9 des Mercedes par le pass\u00e9 et je n\u2019avais jamais eu de probl\u00e8me, souligne-t-il. Je suis justement pass\u00e9 par une concession pour ne pas avoir de souci sur l\u2019occasion, parce que j\u2019avais confiance. D\u2019ailleurs, la voiture roulait tr\u00e8s bien&#8230;\u00a0\u00bb<\/p>\n<p><strong>Interdiction de rouler!<\/strong><\/p>\n<p>Oui mais, le 21 juin, soir de la f\u00eate de la musique, c\u2019est un son peu agr\u00e9able qui a r\u00e9sonn\u00e9 sur sa porte, dans sa r\u00e9sidence cossue de Biot.\u00a0Toc, toc, toc! Les gendarmes sont l\u00e0.<\/p>\n<p>Apr\u00e8s v\u00e9rification de son identit\u00e9, le couperet tombe. Les militaires ont ordre d\u2019\u00a0\u00bbimmobiliser le v\u00e9hicule (stationn\u00e9 devant), avec interdiction de rouler \u00e0 effet imm\u00e9diat.\u00a0\u00bb<\/p>\n<p>Tel un suspect dans une affaire criminelle, le voil\u00e0 m\u00eame convoqu\u00e9 dans les locaux de la brigade deux jours plus tard pour la remise des cl\u00e9s et de la carte grise.<\/p>\n<p>Avant que la Mercedes ne retourne \u00e0 l\u2019envoyeur, sur le parking de la concession.<\/p>\n<p>Le motif? La voiture est d\u00e9clar\u00e9e vol\u00e9e! Car en r\u00e9alit\u00e9, avant d\u2019\u00eatre vendue d\u2019occasion \u00e0 M. Cardona, la Mercedes de moins d\u2019un an a fait l\u2019objet de plusieurs ventes.<\/p>\n<p>Dont l\u2019une r\u00e9alis\u00e9e par un escroc pr\u00e9sum\u00e9 qui aurait profit\u00e9 d\u2019une location en leasing aupr\u00e8s de Mercedes Finances pour falsifier la carte grise (refaite \u00e0 son nom) et s\u2019en s\u00e9parer aupr\u00e8s d\u2019une autre soci\u00e9t\u00e9 comme s\u2019il en \u00e9tait le propri\u00e9taire, avant de dispara\u00eetre dans la nature.<\/p>\n<p>              <img ci-src=\"https:\/\/www.nicematin.com\/faits-divers\/protec\/DATA_ART_15330281-Yni2ifyk.jpg?vh=f198fd&amp;ci_seal=78bcaa6a9e\" alt=\"\"\/><br \/>\n        Les militaires ont eu ordre d\u2019\u00a0\u00bbimmobiliser le v\u00e9hicule d&rsquo;Eric Cardona, avec interdiction de rouler \u00e0 effet imm\u00e9diat.\u00a0\u00bb <strong>Photo A. Carini.<\/strong> <\/p>\n<p>De vente en revente, la Mercedes est arriv\u00e9e chez Buymycar, avec un certificat de cession du 15 novembre 2022.<\/p>\n<p>\u00ab\u00a0Moi qui croyais avoir fait une bonne affaire, c\u2019est rat\u00e9! Pourtant, lorsque j\u2019ai achet\u00e9 la voiture \u00e0 Buymycar, on m\u2019a bien pr\u00e9sent\u00e9 un certificat de non-gage. Mais je me suis soudain retrouv\u00e9 sans v\u00e9hicule et j\u2019ai d\u00fb emprunter la voiture d\u2019un ami pour me rendre quotidiennement \u00e0 mon travail.\u00a0\u00bb<\/p>\n<p>Logiquement, Eric Cardona a alors r\u00e9clam\u00e9 un remboursement de la Mercedes mais s\u2019est heurt\u00e9 au refus de la concession. Du coup, l\u2019int\u00e9ress\u00e9 a intent\u00e9 une proc\u00e9dure en justice, en saisissant le service des r\u00e9f\u00e9r\u00e9s. Mais le Tribunal de Grasse ne lui a pas donn\u00e9 tout \u00e0 fait raison. Ni tout \u00e0 fait tort.<\/p>\n<p>Le jugement a rejet\u00e9 la demande provisionnelle de remboursement et d\u2019indemnit\u00e9s (8.000 euros) pour pr\u00e9judice moral. Ce dernier dispose n\u00e9anmoins d\u2019une cr\u00e9ance \u00e0 faire valoir au civil. M. Cardona a aussi \u00e9t\u00e9 condamn\u00e9 \u00e0 r\u00e9cup\u00e9rer la voiture d\u2019ici un mois, sous peine d\u2019astreinte de 50 euros par jour de retard.<\/p>\n<p>\u00ab\u00a0Certes, le juge a reconnu qu\u2019il \u00e9tait un possesseur de bonne foi car il ignorait la vente frauduleuse. Mais on r\u00e9clamait le remboursement de son argent au titre de la garantie d\u2019\u00e9viction car il a \u00e9t\u00e9 priv\u00e9 du bien achet\u00e9, commente son avocate, Me Sophie Gorse. La d\u00e9cision du juge des r\u00e9f\u00e9r\u00e9s est irraisonnable, elle va \u00e0 l\u2019encontre du procureur qui avait ordonn\u00e9 la saisie du v\u00e9hicule.\u00a0\u00bb<\/p>\n<p><strong>Vendue \u00ab\u00a0en toute bonne foi\u00a0\u00bb<\/strong><\/p>\n<p>Autrement dit, Mercedes France a \u00e9t\u00e9 escroqu\u00e9e par son loueur en leasing, mais c\u2019est bien Eric Cardona qui en paie les pots cass\u00e9s!<\/p>\n<p>\u00c0 la concession Mercedes Buymycar du Cannet, la nouvelle directrice Laure Lamure rappelle que la Mercedes d\u2019occasion a \u00e9t\u00e9 \u00ab\u00a0vendue en toute bonne foi, avec ses documents officiels en bonne et due forme. Malheureusement, nous aussi nous nous sommes fait avoir et Buymycar n\u2019a \u00e9t\u00e9 qu\u2019un interm\u00e9diaire.\u00a0\u00bb<\/p>\n<p>Eric Cardona, lui, a d\u00fb acheter une autre voiture, une Renault Clio, et ne souhaitait pas r\u00e9cup\u00e9rer la Mercedes dont il d\u00e9tient la carte grise, mais n\u2019est pas forc\u00e9ment autoris\u00e9 \u00e0 rouler avec. \u00ab\u00a0D\u2019autant plus qu\u2019elle n\u2019a pas roul\u00e9 depuis plusieurs mois et qu\u2019elle n\u00e9cessite des frais d\u2019entretien!\u00a0\u00bb<\/p>\n<p>Dernier \u00e9pisode de cette histoire rocambolesque: lorsqu\u2019Eric Cardona s\u2019est r\u00e9sign\u00e9 \u00e0 r\u00e9cup\u00e9rer la Mercedes \u00e0 la concession: \u00ab\u00a0On m\u2019a signal\u00e9 qu\u2019elle n\u2019y \u00e9tait plus, repartie \u00e0 Mercedes finances!\u00a0\u00bb<\/p>\n","protected":false},"excerpt":{"rendered":"Un petit cadeau de retraite. C\u2019est ainsi qu\u2019Eric Cardona consid\u00e9rait l\u2019achat d\u2019une belle Mercedes C 220 CDI le&hellip;\n","protected":false},"author":2,"featured_media":26456,"comment_status":"","ping_status":"","sticky":false,"template":"","format":"standard","meta":{"footnotes":""},"categories":[2819],"tags":[1111,11,1777,674,118,1011,27,1757,12,2401,882,25],"class_list":{"0":"post-26455","1":"post","2":"type-post","3":"status-publish","4":"format-standard","5":"has-post-thumbnail","7":"category-nice","8":"tag-actu","9":"tag-actualites","10":"tag-eu","11":"tag-europe","12":"tag-faits-divers","13":"tag-fr","14":"tag-france","15":"tag-insolite","16":"tag-news","17":"tag-nice","18":"tag-provence-alpes-cote-dazur","19":"tag-republique-francaise"},"share_on_mastodon":{"url":"https:\/\/pubeurope.com\/@fr\/114341877034233673","error":""},"_links":{"self":[{"href":"https:\/\/www.europesays.com\/fr\/wp-json\/wp\/v2\/posts\/26455","targetHints":{"allow":["GET"]}}],"collection":[{"href":"https:\/\/www.europesays.com\/fr\/wp-json\/wp\/v2\/posts"}],"about":[{"href":"https:\/\/www.europesays.com\/fr\/wp-json\/wp\/v2\/types\/post"}],"author":[{"embeddable":true,"href":"https:\/\/www.europesays.com\/fr\/wp-json\/wp\/v2\/users\/2"}],"replies":[{"embeddable":true,"href":"https:\/\/www.europesays.com\/fr\/wp-json\/wp\/v2\/comments?post=26455"}],"version-history":[{"count":0,"href":"https:\/\/www.europesays.com\/fr\/wp-json\/wp\/v2\/posts\/26455\/revisions"}],"wp:featuredmedia":[{"embeddable":true,"href":"https:\/\/www.europesays.com\/fr\/wp-json\/wp\/v2\/media\/26456"}],"wp:attachment":[{"href":"https:\/\/www.europesays.com\/fr\/wp-json\/wp\/v2\/media?parent=26455"}],"wp:term":[{"taxonomy":"category","embeddable":true,"href":"https:\/\/www.europesays.com\/fr\/wp-json\/wp\/v2\/categories?post=26455"},{"taxonomy":"post_tag","embeddable":true,"href":"https:\/\/www.europesays.com\/fr\/wp-json\/wp\/v2\/tags?post=26455"}],"curies":[{"name":"wp","href":"https:\/\/api.w.org\/{rel}","templated":true}]}}