{"id":264552,"date":"2025-07-22T00:43:17","date_gmt":"2025-07-22T00:43:17","guid":{"rendered":"https:\/\/www.europesays.com\/fr\/264552\/"},"modified":"2025-07-22T00:43:17","modified_gmt":"2025-07-22T00:43:17","slug":"trump-fait-publier-des-archives-sensibles-sur-lassassinat-de-martin-luther-king","status":"publish","type":"post","link":"https:\/\/www.europesays.com\/fr\/264552\/","title":{"rendered":"Trump fait publier des archives \u00ab\u00a0sensibles\u00a0\u00bb sur l\u2019assassinat de Martin Luther King"},"content":{"rendered":"<p>Dans une d\u00e9cision surprise mais symboliquement forte, <a href=\"https:\/\/www.20minutes.fr\/dossier\/donald_trump\" target=\"_blank\" class=\"color-ultramarine c-link\" rel=\"noopener\">Donald Trump<\/a> a ordonn\u00e9 la publication de plus de 230.000 pages d\u2019archives gouvernementales li\u00e9es \u00e0 l\u2019assassinat de <a href=\"https:\/\/www.20minutes.fr\/societe\/2248791-20180404-video-50-ans-pasteur-martin-luther-king-assassine\" target=\"_blank\" class=\"color-ultramarine c-link\" rel=\"noopener\">Martin Luther King<\/a>, survenu le 4\u00a0avril 1968 \u00e0 Memphis. L\u2019annonce a \u00e9t\u00e9 officialis\u00e9e lundi par la directrice du <a href=\"https:\/\/www.20minutes.fr\/dossier\/renseignement\" target=\"_blank\" class=\"color-ultramarine c-link\" rel=\"noopener\">Renseignement<\/a> national, Tulsi Gabbard, qui a salu\u00e9 \u00ab\u00a0une compl\u00e8te transparence sur cet \u00e9v\u00e9nement tragique et d\u00e9cisif dans l\u2019histoire du pays\u00a0\u00bb.<\/p>\n<p>Cette nouvelle vague de d\u00e9classifications intervient apr\u00e8s une s\u00e9rie d\u2019ouvertures d\u2019archives ordonn\u00e9es par <a href=\"https:\/\/www.20minutes.fr\/dossier\/decret\" target=\"_blank\" class=\"color-ultramarine c-link\" rel=\"noopener\">d\u00e9cret<\/a> le 23\u00a0janvier, concernant aussi les assassinats de John F. Kennedy en\u00a01963 et de Robert F. Kennedy en\u00a01968. En mars, les <a href=\"https:\/\/www.20minutes.fr\/dossier\/archives\" target=\"_blank\" class=\"color-ultramarine c-link\" rel=\"noopener\">Archives<\/a> nationales avaient d\u00e9j\u00e0 mis en ligne des documents in\u00e9dits sur le pr\u00e9sident <a href=\"https:\/\/www.20minutes.fr\/dossier\/jfk\" target=\"_blank\" class=\"color-ultramarine c-link\" rel=\"noopener\">JFK<\/a>, suivis en avril de ceux sur son fr\u00e8re Bobby, ancien ministre de la Justice et p\u00e8re de l\u2019actuel secr\u00e9taire \u00e0 la Sant\u00e9 de l\u2019administration Trump, Robert Kennedy Jr.<\/p>\n<\/p>\n<p>Des documents sur l\u2019enqu\u00eate du FBI<\/p>\n<p>Les documents rendus publics lundi portent notamment sur l\u2019enqu\u00eate du FBI, les recherches internationales du pr\u00e9sum\u00e9 assassin de Martin Luther King, James Earl Ray, ainsi que sur le t\u00e9moignage d\u2019un ancien <a href=\"https:\/\/www.20minutes.fr\/dossier\/detenus\" target=\"_blank\" class=\"color-ultramarine c-link\" rel=\"noopener\">cod\u00e9tenu<\/a> de ce dernier. Mais cette publication massive suscite de vives inqui\u00e9tudes du c\u00f4t\u00e9 des h\u00e9ritiers du pasteur. Dans un communiqu\u00e9, les enfants de Martin Luther King redoutent que la lib\u00e9ration de ces archives serve \u00e0 \u00ab\u00a0attaquer sa post\u00e9rit\u00e9 ou les r\u00e9alisations du mouvement\u00a0\u00bb pour les droits civiques.<\/p>\n<p><a href=\"https:\/\/www.20minutes.fr\/monde\/etats-unis\/\" target=\"_blank\" class=\"c-link c-btn c-btn--primary\" rel=\"noopener\">Notre dossier sur les Etats-Unis<\/a><\/p>\n<p>Ils rappellent que leur p\u00e8re faisait l\u2019objet, de son vivant, d\u2019une vaste op\u00e9ration de surveillance et de discr\u00e9dit orchestr\u00e9e par le <a href=\"https:\/\/www.20minutes.fr\/dossier\/fbi\" target=\"_blank\" class=\"color-ultramarine c-link\" rel=\"noopener\">FBI<\/a> sous la houlette de J. Edgar Hoover. Une campagne visant \u00e0 \u00ab\u00a0miner sa r\u00e9putation et plus g\u00e9n\u00e9ralement celle du mouvement\u00a0\u00bb, affirment-ils. Les descendants de Martin Luther King r\u00e9it\u00e8rent aussi leurs doutes sur la culpabilit\u00e9 de James Earl Ray, ce s\u00e9gr\u00e9gationniste blanc condamn\u00e9 pour le <a href=\"https:\/\/www.20minutes.fr\/dossier\/meurtre\" target=\"_blank\" class=\"color-ultramarine c-link\" rel=\"noopener\">meurtre<\/a> de leur p\u00e8re, mais dont le proc\u00e8s exp\u00e9ditif et les aveux r\u00e9tract\u00e9s ont aliment\u00e9 les soup\u00e7ons pendant des d\u00e9cennies.<\/p>\n","protected":false},"excerpt":{"rendered":"Dans une d\u00e9cision surprise mais symboliquement forte, Donald Trump a ordonn\u00e9 la publication de plus de 230.000 pages&hellip;\n","protected":false},"author":2,"featured_media":264553,"comment_status":"","ping_status":"","sticky":false,"template":"","format":"standard","meta":{"footnotes":""},"categories":[1589],"tags":[47,11,75,73,1866,18120,40405,4145,74,12,24167,1864,1865,1863,308],"class_list":{"0":"post-264552","1":"post","2":"type-post","3":"status-publish","4":"format-standard","5":"has-post-thumbnail","7":"category-etats-unis","8":"tag-actualite","9":"tag-actualites","10":"tag-donald-trump","11":"tag-etats-unis","12":"tag-etats-unis-damerique","13":"tag-fbi","14":"tag-john-fitzgerald-kennedy-jfk","15":"tag-ministre-de-la-justice","16":"tag-monde","17":"tag-news","18":"tag-renseignement","19":"tag-united-states","20":"tag-united-states-of-america","21":"tag-us","22":"tag-usa"},"share_on_mastodon":{"url":"https:\/\/pubeurope.com\/@fr\/114894117451834644","error":""},"_links":{"self":[{"href":"https:\/\/www.europesays.com\/fr\/wp-json\/wp\/v2\/posts\/264552","targetHints":{"allow":["GET"]}}],"collection":[{"href":"https:\/\/www.europesays.com\/fr\/wp-json\/wp\/v2\/posts"}],"about":[{"href":"https:\/\/www.europesays.com\/fr\/wp-json\/wp\/v2\/types\/post"}],"author":[{"embeddable":true,"href":"https:\/\/www.europesays.com\/fr\/wp-json\/wp\/v2\/users\/2"}],"replies":[{"embeddable":true,"href":"https:\/\/www.europesays.com\/fr\/wp-json\/wp\/v2\/comments?post=264552"}],"version-history":[{"count":0,"href":"https:\/\/www.europesays.com\/fr\/wp-json\/wp\/v2\/posts\/264552\/revisions"}],"wp:featuredmedia":[{"embeddable":true,"href":"https:\/\/www.europesays.com\/fr\/wp-json\/wp\/v2\/media\/264553"}],"wp:attachment":[{"href":"https:\/\/www.europesays.com\/fr\/wp-json\/wp\/v2\/media?parent=264552"}],"wp:term":[{"taxonomy":"category","embeddable":true,"href":"https:\/\/www.europesays.com\/fr\/wp-json\/wp\/v2\/categories?post=264552"},{"taxonomy":"post_tag","embeddable":true,"href":"https:\/\/www.europesays.com\/fr\/wp-json\/wp\/v2\/tags?post=264552"}],"curies":[{"name":"wp","href":"https:\/\/api.w.org\/{rel}","templated":true}]}}