{"id":264556,"date":"2025-07-22T00:45:19","date_gmt":"2025-07-22T00:45:19","guid":{"rendered":"https:\/\/www.europesays.com\/fr\/264556\/"},"modified":"2025-07-22T00:45:19","modified_gmt":"2025-07-22T00:45:19","slug":"merz-berlin-na-pas-encore-tranche-sur-une-prise-de-participation-dans-la-filiale-allemande-de-tennet","status":"publish","type":"post","link":"https:\/\/www.europesays.com\/fr\/264556\/","title":{"rendered":"Merz : Berlin n&rsquo;a pas encore tranch\u00e9 sur une prise de participation dans la filiale allemande de TenneT"},"content":{"rendered":"<p>Le chancelier allemand Friedrich Merz a d\u00e9clar\u00e9 lundi que le gouvernement n&rsquo;avait pas encore pris de d\u00e9cision quant \u00e0 une \u00e9ventuelle prise de participation dans la division allemande de l&rsquo;op\u00e9rateur n\u00e9erlandais du r\u00e9seau \u00e9lectrique TenneT, d\u00e9tenu par l&rsquo;\u00c9tat, et que les discussions avec les Pays-Bas se poursuivaient.<\/p>\n<p>Le mois dernier, les Pays-Bas avaient annonc\u00e9 qu&rsquo;ils rendraient leur d\u00e9cision en septembre concernant la vente d&rsquo;une participation minoritaire dans TenneT Allemagne ou le recours \u00e0 une introduction en bourse partielle, une op\u00e9ration qui pourrait compter parmi les plus importantes en Europe en 2025.<\/p>\n<p>Le gouvernement n\u00e9erlandais a opt\u00e9 pour une strat\u00e9gie \u00e0 double voie pour TenneT Allemagne apr\u00e8s l&rsquo;\u00e9chec, en juin dernier, d&rsquo;une vente partielle \u00e0 la banque publique allemande KfW.<\/p>\n<p>\u00ab La discussion au sein du gouvernement f\u00e9d\u00e9ral est actuellement en cours et n&rsquo;a pas encore abouti \u00bb, a d\u00e9clar\u00e9 Merz lors d&rsquo;une conf\u00e9rence de presse conjointe avec le Premier ministre norv\u00e9gien Jonas Gahr Store.<\/p>\n<p>Le vaste fonds souverain norv\u00e9gien envisage un investissement de plusieurs milliards de dollars dans TenneT Allemagne, rapportait plus t\u00f4t ce mois-ci le quotidien allemand Handelsblatt, citant des sources proches du dossier.<\/p>\n<p>Interrog\u00e9 sur son soutien \u00e0 une telle initiative, Jonas Gahr Store a soulign\u00e9 que le fonds avait d\u00e9j\u00e0 r\u00e9alis\u00e9 des investissements \u00ab significatifs \u00bb dans des entreprises allemandes.<\/p>\n<p>\u00ab L&rsquo;Allemagne offre de nombreuses opportunit\u00e9s pour trouver des entreprises dans lesquelles investir \u00bb, a ajout\u00e9 Store.<\/p>\n<p>(R\u00e9daction : Sarah Marsh, \u00e9dition : Marguerita Choy)<\/p>\n","protected":false},"excerpt":{"rendered":"Le chancelier allemand Friedrich Merz a d\u00e9clar\u00e9 lundi que le gouvernement n&rsquo;avait pas encore pris de d\u00e9cision quant&hellip;\n","protected":false},"author":2,"featured_media":264557,"comment_status":"","ping_status":"","sticky":false,"template":"","format":"standard","meta":{"footnotes":""},"categories":[1587],"tags":[11,672,340,1804,1805,1803,1777,674,1801,12,1802],"class_list":{"0":"post-264556","1":"post","2":"type-post","3":"status-publish","4":"format-standard","5":"has-post-thumbnail","7":"category-allemagne","8":"tag-actualites","9":"tag-allemagne","10":"tag-bourse","11":"tag-bundesrepublik-deutschland","12":"tag-de","13":"tag-deutschland","14":"tag-eu","15":"tag-europe","16":"tag-germany","17":"tag-news","18":"tag-republique-federale-dallemagne"},"share_on_mastodon":{"url":"https:\/\/pubeurope.com\/@fr\/114894125297995053","error":""},"_links":{"self":[{"href":"https:\/\/www.europesays.com\/fr\/wp-json\/wp\/v2\/posts\/264556","targetHints":{"allow":["GET"]}}],"collection":[{"href":"https:\/\/www.europesays.com\/fr\/wp-json\/wp\/v2\/posts"}],"about":[{"href":"https:\/\/www.europesays.com\/fr\/wp-json\/wp\/v2\/types\/post"}],"author":[{"embeddable":true,"href":"https:\/\/www.europesays.com\/fr\/wp-json\/wp\/v2\/users\/2"}],"replies":[{"embeddable":true,"href":"https:\/\/www.europesays.com\/fr\/wp-json\/wp\/v2\/comments?post=264556"}],"version-history":[{"count":0,"href":"https:\/\/www.europesays.com\/fr\/wp-json\/wp\/v2\/posts\/264556\/revisions"}],"wp:featuredmedia":[{"embeddable":true,"href":"https:\/\/www.europesays.com\/fr\/wp-json\/wp\/v2\/media\/264557"}],"wp:attachment":[{"href":"https:\/\/www.europesays.com\/fr\/wp-json\/wp\/v2\/media?parent=264556"}],"wp:term":[{"taxonomy":"category","embeddable":true,"href":"https:\/\/www.europesays.com\/fr\/wp-json\/wp\/v2\/categories?post=264556"},{"taxonomy":"post_tag","embeddable":true,"href":"https:\/\/www.europesays.com\/fr\/wp-json\/wp\/v2\/tags?post=264556"}],"curies":[{"name":"wp","href":"https:\/\/api.w.org\/{rel}","templated":true}]}}