{"id":264558,"date":"2025-07-22T00:47:26","date_gmt":"2025-07-22T00:47:26","guid":{"rendered":"https:\/\/www.europesays.com\/fr\/264558\/"},"modified":"2025-07-22T00:47:26","modified_gmt":"2025-07-22T00:47:26","slug":"leurope-prepare-sa-riposte-en-cas-dechec-des-negociations","status":"publish","type":"post","link":"https:\/\/www.europesays.com\/fr\/264558\/","title":{"rendered":"l\u2019Europe pr\u00e9pare sa riposte en cas d\u2019\u00e9chec des n\u00e9gociations"},"content":{"rendered":"<p><strong>D\u00c9CRYPTAGE<\/strong> &#8211; Les Vingt-Sept croient de moins en moins en un accord acceptable avec Washington et musclent leurs sc\u00e9narios de repr\u00e9sailles.<\/p>\n<p class=\"fig-paragraph\">\u00c0 huit jours de l\u2019\u00e9ch\u00e9ance du 1er\u00a0ao\u00fbt fix\u00e9e par Donald Trump pour le d\u00e9clenchement de\u00a0<a href=\"http:\/\/www.lefigaro.fr\/conjoncture\/droits-de-douane-a-30-trump-met-l-union-europeenne-sous-pression-maximale-20250712\" data-fig-type=\"Article\" data-gtm-custom-categorie=\"navigation\" data-gtm-custom-action=\"crossclick\" data-gtm-custom-label=\"Contextuel\" data-gtm-event=\"customEventSPE\" data-fig-domain=\"LEFIGARO\" rel=\"nofollow noopener\" target=\"_blank\">droits de douane \u00e0 30\u00a0%<\/a>\u00a0sur tous les produits europ\u00e9ens, l\u2019espoir d\u2019aboutir \u00e0 une solution n\u00e9goci\u00e9e diminue \u00e0 Bruxelles. \u00ab\u00a0On est entr\u00e9 dans un moment de v\u00e9rit\u00e9\u00a0\u00bb, souffle un diplomate europ\u00e9en. V\u00e9rit\u00e9 sur les intentions du pr\u00e9sident am\u00e9ricain, qui ne sont jamais apparues clairement jusqu\u2019ici. V\u00e9rit\u00e9, aussi, sur la\u00a0<a href=\"http:\/\/www.lefigaro.fr\/international\/on-ne-se-laisse-pas-provoquer-les-europeens-peinent-a-assumer-un-bras-de-fer-commercial-avec-donald-trump-20250626\" data-fig-type=\"Article\" data-gtm-custom-categorie=\"navigation\" data-gtm-custom-action=\"crossclick\" data-gtm-custom-label=\"Contextuel\" data-gtm-event=\"customEventSPE\" data-fig-domain=\"LEFIGARO\" rel=\"nofollow noopener\" target=\"_blank\">r\u00e9solution des Europ\u00e9ens<\/a>\u00a0\u00e0 r\u00e9agir. \u00ab\u00a0Si Trump veut une guerre commerciale, allons-y\u00a0! Il vaut mieux entrer dans un conflit maintenant plut\u00f4t que d\u2019accepter un mauvais accord\u00a0\u00bb, confiait en priv\u00e9 r\u00e9cemment le dirigeant d\u2019un pays membre de l\u2019UE.<\/p>\n<p class=\"fig-paragraph\">Le secr\u00e9taire au Commerce am\u00e9ricain,\u00a0<a href=\"http:\/\/www.lefigaro.fr\/conjoncture\/on-l-accuse-de-pousser-trump-a-en-faire-trop-qui-est-howard-lutnick-le-monsieur-droits-de-douane-du-president-20250402\" target=\"_blank\" data-fig-type=\"Article\" rel=\"noopener nofollow\" data-gtm-custom-categorie=\"navigation\" data-gtm-custom-action=\"crossclick\" data-gtm-custom-label=\"Contextuel\" data-gtm-event=\"customEventSPE\" data-fig-domain=\"LEFIGARO\">Howard Lutnick<\/a>, a beau s\u2019\u00eatre dit \u00ab\u00a0confiant\u00a0\u00bb, dimanche, sur la possibilit\u00e9 d\u2019aboutir \u00e0 un accord avec les Europ\u00e9ens, ces derniers sont \u00e9chaud\u00e9s. La lettre de Trump mena\u00e7ant d\u2019une surtaxe de 30\u00a0% les exportations europ\u00e9ennes le 12\u00a0juillet, alors que la Commission se croyait sur le point de finaliser\u2026<\/p>\n<p class=\"fig-premium-paywall__infos\">\n        Cet article est r\u00e9serv\u00e9 aux abonn\u00e9s.        Il vous reste 82% \u00e0 d\u00e9couvrir.\n    <\/p>\n<p>                <img  data- alt=\"Le Figaro\" class=\"fig-img--complete fig-img\"\/><\/p>\n<p class=\"fig-premium-paywall__title\">Vous avez envie de lire la suite ?<\/p>\n<p class=\"fig-premium-paywall__subtitle\">D\u00e9bloquez tous les articles imm\u00e9diatement.<\/p>\n<p class=\"fig-premium-paywall__connect\">\n                D\u00e9j\u00e0 abonn\u00e9\u00a0?                <a class=\"fig-premium-paywall__connect-link\" href=\"https:\/\/connect.lefigaro.fr\/login?client=horizon_web&amp;type=main&amp;redirect_uri=https%3A%2F%2Fwww.lefigaro.fr%2Fconjoncture%2Fsi-trump-veut-une-guerre-commerciale-allons-y-l-europe-prepare-sa-riposte-en-cas-d-echec-des-negociations-20250721\" data-js-gtm=\"{&quot;customCategorie&quot;: &quot;conversion&quot;, &quot;customAction&quot;: &quot;before_Landing_Connexion_paywall_auto&quot;, &quot;customLabel&quot;: &quot;bGVmaWdhcm8uZnJfXzFmMDY2MWQ0LWEwNTgtNmNhZS04MTI4LWJmN2JmMWM0YTc3ZV9fQXJ0aWNsZQ==_\u00ab\u00a0Si Trump veut une guerre commerciale, allons-y\u00a0!\u00a0\u00bb\u00a0: l\u2019Europe pr\u00e9pare sa riposte en cas d\u2019\u00e9chec des n\u00e9gociations_338&quot;, &quot;customIDSPE&quot;: &quot;bGVmaWdhcm8uZnJfXzFmMDY2MWQ0LWEwNTgtNmNhZS04MTI4LWJmN2JmMWM0YTc3ZV9fQXJ0aWNsZQ==&quot;, &quot;event&quot;: &quot;customEventSPE&quot;}\" rel=\"nofollow noopener\" target=\"_blank\"><br \/>\n                    Connectez-vous<br \/>\n                <\/a>\n            <\/p>\n","protected":false},"excerpt":{"rendered":"D\u00c9CRYPTAGE &#8211; Les Vingt-Sept croient de moins en moins en un accord acceptable avec Washington et musclent leurs&hellip;\n","protected":false},"author":2,"featured_media":264559,"comment_status":"","ping_status":"","sticky":false,"template":"","format":"standard","meta":{"footnotes":""},"categories":[1586],"tags":[11,73,1777,674,1011,27,1074,12,25],"class_list":{"0":"post-264558","1":"post","2":"type-post","3":"status-publish","4":"format-standard","5":"has-post-thumbnail","7":"category-europe","8":"tag-actualites","9":"tag-etats-unis","10":"tag-eu","11":"tag-europe","12":"tag-fr","13":"tag-france","14":"tag-guerre-commerciale","15":"tag-news","16":"tag-republique-francaise"},"share_on_mastodon":{"url":"https:\/\/pubeurope.com\/@fr\/114894133171417277","error":""},"_links":{"self":[{"href":"https:\/\/www.europesays.com\/fr\/wp-json\/wp\/v2\/posts\/264558","targetHints":{"allow":["GET"]}}],"collection":[{"href":"https:\/\/www.europesays.com\/fr\/wp-json\/wp\/v2\/posts"}],"about":[{"href":"https:\/\/www.europesays.com\/fr\/wp-json\/wp\/v2\/types\/post"}],"author":[{"embeddable":true,"href":"https:\/\/www.europesays.com\/fr\/wp-json\/wp\/v2\/users\/2"}],"replies":[{"embeddable":true,"href":"https:\/\/www.europesays.com\/fr\/wp-json\/wp\/v2\/comments?post=264558"}],"version-history":[{"count":0,"href":"https:\/\/www.europesays.com\/fr\/wp-json\/wp\/v2\/posts\/264558\/revisions"}],"wp:featuredmedia":[{"embeddable":true,"href":"https:\/\/www.europesays.com\/fr\/wp-json\/wp\/v2\/media\/264559"}],"wp:attachment":[{"href":"https:\/\/www.europesays.com\/fr\/wp-json\/wp\/v2\/media?parent=264558"}],"wp:term":[{"taxonomy":"category","embeddable":true,"href":"https:\/\/www.europesays.com\/fr\/wp-json\/wp\/v2\/categories?post=264558"},{"taxonomy":"post_tag","embeddable":true,"href":"https:\/\/www.europesays.com\/fr\/wp-json\/wp\/v2\/tags?post=264558"}],"curies":[{"name":"wp","href":"https:\/\/api.w.org\/{rel}","templated":true}]}}