{"id":264560,"date":"2025-07-22T00:50:33","date_gmt":"2025-07-22T00:50:33","guid":{"rendered":"https:\/\/www.europesays.com\/fr\/264560\/"},"modified":"2025-07-22T00:50:33","modified_gmt":"2025-07-22T00:50:33","slug":"lunion-europeenne-doit-combler-le-deficit-daffection-des-europeens","status":"publish","type":"post","link":"https:\/\/www.europesays.com\/fr\/264560\/","title":{"rendered":"\u00ab L&rsquo;Union europ\u00e9enne doit combler le d\u00e9ficit d&rsquo;affection des Europ\u00e9ens \u00bb"},"content":{"rendered":"<p>Le professeur d&rsquo;universit\u00e9 et pr\u00e9sident de l&rsquo;association Ideas y Debate, Miguel \u00c1ngel Benedicto, a analys\u00e9 son dernier livre dans l&rsquo;\u00e9mission \u00ab De cara al mundo \u00bb sur Onda Madrid. Il a \u00e9galement abord\u00e9 le d\u00e9fi de l&rsquo;immigration en Europe.<\/p>\n<p><strong>La polarisation peut-elle directement mettre fin \u00e0 l&rsquo;Union europ\u00e9enne ?\u00a0<\/strong><\/p>\n<p>Elle pourrait y mettre fin, d&rsquo;une part, mais elle pourrait aussi la dynamiser, d&rsquo;autre part. C&rsquo;est un peu ce que nous expliquons dans le livre. Peut-\u00eatre que le consensus qui a toujours exist\u00e9 en Europe, depuis ses d\u00e9buts dans les ann\u00e9es 50, nous a amen\u00e9s \u00e0 la voir comme une entit\u00e9 bureaucratique, tr\u00e8s \u00e9loign\u00e9e de nous.\u00a0<\/p>\n<p>Lorsque nous voyons que l&rsquo;Union europ\u00e9enne se politise davantage, en partie gr\u00e2ce \u00e0 la polarisation politique, nous constatons que les gens sont encourag\u00e9s \u00e0 voter, qu&rsquo;ils discutent des politiques europ\u00e9ennes, ce qui a donc un c\u00f4t\u00e9 positif et un c\u00f4t\u00e9 n\u00e9gatif. Le c\u00f4t\u00e9 positif, c&rsquo;est la mobilisation \u00e9lectorale, l&rsquo;int\u00e9r\u00eat accru pour les politiques europ\u00e9ennes ; et le c\u00f4t\u00e9 n\u00e9gatif, c&rsquo;est que la compr\u00e9hension qui a toujours exist\u00e9 depuis les ann\u00e9es 50 en Europe entre les diff\u00e9rents partis politiques peut \u00e9videmment \u00eatre affect\u00e9e.\u00a0<\/p>\n<p><img decoding=\"async\" width=\"354\" height=\"500\" alt=\"Comunicar o politizar la Uni\u00f3n Europea, del Consejo inicial a la polarizaci\u00f3n de la Europa geopol\u00edtica, nuevo libro de Miguel \u00c1ngel Benedicto\" src=\"https:\/\/www.europesays.com\/fr\/wp-content\/uploads\/2025\/07\/2025072112095193655.jpg\" loading=\"lazy\"\/><br \/>\nCommuniquer ou politiser l&rsquo;Union europ\u00e9enne, du Conseil initial \u00e0 la polarisation de l&rsquo;Europe g\u00e9opolitique, nouveau livre de Miguel \u00c1ngel Benedicto<\/p>\n<p><strong>La polarisation des m\u00e9dias est-elle \u00e9galement un facteur d\u00e9terminant, selon le titre du livre ?\u00a0<\/strong><\/p>\n<p>C&rsquo;est dans les m\u00e9dias nationaux que je constate le plus de polarisation, plus qu&rsquo;au niveau europ\u00e9en, car on ne peut pas dire que les m\u00e9dias europ\u00e9ens n&rsquo;existent pas, ils existent, mais au niveau de la bulle europ\u00e9enne, des m\u00e9dias comme Pol\u00edtico, Financial Times, curieusement, anglo-saxons pour la plupart, ne sont pas polaris\u00e9s.\u00a0<\/p>\n<p>Au niveau national, oui. Nous pouvons aller dans n&rsquo;importe quel pays, mais le cas espagnol est particuli\u00e8rement flagrant, o\u00f9 nous constatons une polarisation entre les m\u00e9dias, en fonction de la ligne \u00e9ditoriale de chacun d&rsquo;entre eux, et de plus en plus influenc\u00e9s par le pouvoir politique, \u00e0 mon avis. Ce n&rsquo;est pas du tout positif dans une soci\u00e9t\u00e9 de plus en plus divis\u00e9e, \u00e0 laquelle les m\u00e9dias n&rsquo;apportent aucune aide. Mais les grands responsables ne sont pas les m\u00e9dias, mais plut\u00f4t le pouvoir politique, \u00e0 mon avis. \u00a0<\/p>\n<p><strong>Ce livre aborde le foss\u00e9 qui existe entre les citoyens europ\u00e9ens et les institutions, c&rsquo;est l&rsquo;un des probl\u00e8mes graves, n&rsquo;est-ce pas ?\u00a0<\/strong><\/p>\n<p>Oui, cela a toujours \u00e9t\u00e9 le cas, cette sorte de d\u00e9ficit d&rsquo;affection envers l&rsquo;Union europ\u00e9enne, ce manque de l\u00e9gitimit\u00e9 populaire, non pas d\u00e9mocratique, car l&rsquo;Union europ\u00e9enne est d\u00e9mocratique, mais ce manque de l\u00e9gitimit\u00e9 populaire, le fait que les gens en parlent, que nous allions vraiment voter aux \u00e9lections et aux r\u00e9f\u00e9rendums europ\u00e9ens, o\u00f9 la participation est toujours faible, ce sont des \u00e9lections de second ordre.\u00a0<\/p>\n<p>Ce n&rsquo;est pas bon pour l&rsquo;Europe, et il est tr\u00e8s difficile de comprendre les institutions, \u00e0 mon avis, et je pense que c&rsquo;est l\u00e0 que l&rsquo;Union europ\u00e9enne s&rsquo;est tromp\u00e9e au d\u00e9but, dans les ann\u00e9es 60, 70, 80, voire 90, lorsqu&rsquo;elle a essay\u00e9 de mener une politique de communication, d&rsquo;explication, de diffusion de ce qu&rsquo;\u00e9taient les institutions europ\u00e9ennes. Au final, les gens veulent que les politiques europ\u00e9ennes fonctionnent ou soient mieux communiqu\u00e9es, et en fait, cette communication qui, au d\u00e9but de l&rsquo;Union europ\u00e9enne, \u00e9tait tr\u00e8s propagandiste, a chang\u00e9 au fil des ans et est devenue beaucoup plus professionnelle, surtout depuis la crise \u00e9conomique de 2008, o\u00f9 nous avons pris conscience que l&rsquo;Europe avait une force tr\u00e8s importante et qu&rsquo;elle influen\u00e7ait beaucoup ce qui pouvait se passer \u00e0 tout moment. Ce fut un tournant tr\u00e8s important dans le domaine de la communication europ\u00e9enne, o\u00f9 nous avons pris conscience que ce qui se passait en Europe avait une influence sur notre vie quotidienne.\u00a0<\/p>\n<p><strong>Faut-il retrouver, Miguel \u00c1ngel, la certitude, la r\u00e9alit\u00e9 que l&rsquo;Union europ\u00e9enne est la meilleure invention des derniers si\u00e8cles dans le monde ?\u00a0<\/strong><\/p>\n<p>C&rsquo;est une sorte de r\u00e9seau. Depuis l&rsquo;Espagne, les Espagnols voient qu&rsquo;elle a des valeurs d\u00e9mocratiques, qu&rsquo;il y a un respect de la s\u00e9paration des pouvoirs, de l&rsquo;\u00c9tat de droit. En revanche, dans les pays de l&rsquo;Union europ\u00e9enne, nous avons le sentiment que, si nous sommes \u00e0 l&rsquo;int\u00e9rieur, quoi qu&rsquo;il arrive dans nos pays, ce r\u00e9seau salvateur peut, d&rsquo;une certaine mani\u00e8re, nous retenir lorsque nous tombons dans l&rsquo;ab\u00eeme de l&rsquo;autocratie. Comme nous l&rsquo;avons vu dans certains pays, comme la Hongrie ou la Pologne \u00e0 un moment donn\u00e9. Ou m\u00eame l&rsquo;Espagne ces deux derni\u00e8res ann\u00e9es.\u00a0<\/p>\n<p>Et oui, l&rsquo;Europe est une bonne invention en ce sens. Elle nous a \u00e9t\u00e9 b\u00e9n\u00e9fique, c&rsquo;est la v\u00e9rit\u00e9. Le cas de l&rsquo;Espagne est paradigmatique : depuis notre entr\u00e9e dans l&rsquo;Union europ\u00e9enne jusqu&rsquo;\u00e0 aujourd&rsquo;hui, il suffit de regarder les chiffres de la croissance \u00e9conomique, il suffit de voir comment nos infrastructures ont chang\u00e9, comment notre vie a chang\u00e9, m\u00eame notre fa\u00e7on de penser. Cela a eu un effet tr\u00e8s positif, non seulement en Espagne, mais aussi dans les autres pays membres. Sinon, il suffit de voir une exp\u00e9rience comme le Brexit : apr\u00e8s quelques ann\u00e9es hors de l&rsquo;Union europ\u00e9enne, le Royaume-Uni se rend compte que ce n&rsquo;\u00e9tait peut-\u00eatre pas une si bonne id\u00e9e de quitter ce r\u00e9seau. \u00a0<\/p>\n<p><strong>C&rsquo;\u00e9tait sans aucun doute une tr\u00e8s mauvaise id\u00e9e. Peut-\u00eatre que sur ce point, Miguel \u00c1ngel, les dirigeants des pays qui connaissent de graves probl\u00e8mes sont responsables de ce qu&rsquo;on appelle ensuite la crise de l&rsquo;Union europ\u00e9enne. Que se passe-t-il ? Parce que les petites et moyennes entreprises, ou les personnes qui ont besoin de ces aides, que d&rsquo;autres pays utilisent, et tr\u00e8s bien, et que nous avons l\u00e0, \u00e0 mourir de rire, et qu&rsquo;il faudra en plus rembourser.\u00a0<\/strong><\/p>\n<p>Il est regrettable que l&rsquo;Espagne ne sache pas utiliser ces fonds Next Generation European Union, alors que nous sommes le deuxi\u00e8me pays \u00e0 avoir re\u00e7u le plus grand nombre ou le plus grand montant de fonds apr\u00e8s l&rsquo;Italie. La date limite pour l&rsquo;ex\u00e9cution de ces fonds est fix\u00e9e \u00e0 la fin du mois d&rsquo;ao\u00fbt 2026, et je ne sais vraiment pas s&rsquo;il s&rsquo;agit d&rsquo;un probl\u00e8me de mauvaise pr\u00e9vision, de mauvaise strat\u00e9gie ou d&rsquo;un manque de fonctionnaires sp\u00e9cialis\u00e9s dans ce domaine, mais il est certain que le gouvernement espagnol n&rsquo;a pas fait son travail dans ce domaine.\u00a0<\/p>\n<p>Malgr\u00e9 tout, nous nous en sommes bien sortis, dans la mesure du possible, l&rsquo;\u00e9conomie ne va pas si mal gr\u00e2ce \u00e0 ces fonds, destin\u00e9s pr\u00e9cis\u00e9ment \u00e0 promouvoir la num\u00e9risation, la transition \u00e9cologique ou la coh\u00e9sion territoriale. Mais il est certain que la mise en \u0153uvre par ce gouvernement est un d\u00e9sastre.\u00a0<\/p>\n<p><strong>La situation en France vous inqui\u00e8te-t-elle ? Le Premier ministre Bayrou a pr\u00e9sent\u00e9 un plan, un budget, qui pr\u00e9voit de nombreuses coupes, mais Macron a essay\u00e9 plusieurs fois au cours de ces huit derni\u00e8res ann\u00e9es, puis les gilets jaunes sont apparus, etc. Or, cette r\u00e9forme dont la France a besoin, car elle n&rsquo;est pas viable, pourrait entra\u00eener le reste de l&rsquo;Union europ\u00e9enne dans son sillage.\u00a0<\/strong><\/p>\n<p>La France est l&rsquo;une des grandes \u00e9conomies de l&rsquo;Union europ\u00e9enne, apr\u00e8s l&rsquo;Allemagne, et elle a clairement besoin de r\u00e9formes structurelles, mais pas maintenant, depuis plusieurs ann\u00e9es d\u00e9j\u00e0, en raison de la situation pr\u00e9caire des comptes publics avec cette dette \u00e9norme de 114 %, qui d\u00e9truit le pays et qui finira par le ruiner avec le paiement des int\u00e9r\u00eats. Si, pour cette ann\u00e9e, on parle d\u00e9j\u00e0 de 60 milliards d&rsquo;euros en paiement d&rsquo;int\u00e9r\u00eats, soit l&rsquo;ensemble des d\u00e9penses de d\u00e9fense de la France, par exemple, et pour 2029, on parle de 100 milliards, ce qui serait plus que ce que la France d\u00e9pense pour l&rsquo;\u00e9ducation, qui est le poste le plus important du budget. En d&rsquo;autres termes, la dette va engloutir le budget fran\u00e7ais.\u00a0<\/p>\n<p>Je ne sais pas si les Fran\u00e7ais se rendent compte que s&rsquo;ils ne proc\u00e8dent pas \u00e0 des r\u00e9formes structurelles qu&rsquo;ils n&rsquo;ont pas faites \u00e0 l&rsquo;\u00e9poque, comme d&rsquo;autres pays ont d\u00fb le faire apr\u00e8s la crise \u00e9conomique, l&rsquo;Irlande, l&rsquo;Espagne, Chypre, la Gr\u00e8ce, etc., le pays va s&rsquo;effondrer car il leur co\u00fbte de plus en plus cher de se financer. Un financement qu&rsquo;ils ne peuvent pas supporter avec leur croissance \u00e9conomique actuelle. Le probl\u00e8me, c&rsquo;est que la France est tr\u00e8s \u00e9tatiste. Macron a d\u00e9j\u00e0 essay\u00e9 \u00e0 son \u00e9poque, avec la r\u00e9forme des retraites, mais les gilets jaunes sont apparus, puis les tracteurs ont pris le relais, etc. Il est tr\u00e8s difficile de changer cette mentalit\u00e9 fran\u00e7aise, mais les faits les y contraindront, car ils ne pourront pas faire face aux charges sociales qu&rsquo;ils ont actuellement, d&rsquo;autant plus qu&rsquo;ils doivent maintenant augmenter le budget de la d\u00e9fense.\u00a0<\/p>\n<p>Vous parliez de plus de 60 milliards d&rsquo;int\u00e9r\u00eats sur la dette en France, en Espagne, ils sont sup\u00e9rieurs \u00e0 40 milliards, ce qui signifie que nous avons plus ou moins le m\u00eame probl\u00e8me. Quand on dit que l&rsquo;Espagne se porte bien \u00e9conomiquement, j&rsquo;ai des doutes. Miguel \u00c1ngel, puis-je faire intervenir un expert ? En plus d&rsquo;avoir v\u00e9cu en France, il y a \u00e9t\u00e9 correspondant pendant plusieurs ann\u00e9es et conna\u00eet bien le pays. C&rsquo;est un bon coll\u00e8gue \u00e0 toi et \u00e0 moi, Don Pedro Gonz\u00e1lez, journaliste, fondateur de la cha\u00eene Euronews et 24 horas. \u00a0<\/p>\n<p>D&rsquo;ailleurs, Javier, Pedro Gonz\u00e1lez est cit\u00e9 dans le livre \u00abCommuniquer ou politiser l&rsquo;Union europ\u00e9enne\u00bb, pr\u00e9cis\u00e9ment en tant que fondateur d&rsquo;Euronews, et je l&rsquo;ai interview\u00e9 il y a quelques ann\u00e9es \u00e0 ce sujet.\u00a0<\/p>\n<p><strong>F\u00e9licitations, Pedro. Ces livres \u00e9crits par Miguel \u00c1ngel sont n\u00e9cessaires pour nous regarder dans le miroir et, surtout, pour relever les d\u00e9fis et prendre des d\u00e9cisions, m\u00eame difficiles, comme en France, afin de pr\u00e9server quelque chose de tr\u00e8s important et positif comme l&rsquo;Union europ\u00e9enne.\u00a0<\/strong><\/p>\n<p>Je pense qu&rsquo;ils ne sont pas n\u00e9cessaires, ce sont des livres absolument indispensables. Le livre de Miguel \u00c1ngel aborde des questions fondamentales dans le cadre de ce travail p\u00e9dagogique continu qui n\u00e9cessite la connaissance et la compr\u00e9hension du monde dans lequel nous vivons, \u00e0 savoir l&rsquo;Union europ\u00e9enne, et auquel on n&rsquo;accorde peut-\u00eatre pas suffisamment d&rsquo;importance. Peut-\u00eatre parce que, comme nous y sommes plong\u00e9s, nous le consid\u00e9rons comme acquis, comme quelque chose qui va de soi, qui n&rsquo;a pas d&rsquo;importance.\u00a0<\/p>\n<p>Le cas de Trump me semble tr\u00e8s important, car il est extr\u00eamement fragile et comporte de nombreux dangers, que vous avez \u00e9num\u00e9r\u00e9s dans l&rsquo;interview de Miguel \u00c1ngel, mais je pense qu&rsquo;ils sont omnipr\u00e9sents, m\u00eame chez nos propres alli\u00e9s. Outre d&rsquo;autres questions, Trump, comme certains autres pr\u00e9sidents am\u00e9ricains dans le pass\u00e9, ne voit pas d&rsquo;un bon \u0153il, et je le dis avec prudence, une Europe forte.\u00a0<\/p>\n<p>Une Europe forte leur convient peut-\u00eatre mieux qu&rsquo;une Europe presque d\u00e9membr\u00e9e, qui traite directement avec la m\u00e9tropole, c&rsquo;est-\u00e0-dire la n\u00e9om\u00e9tropole n\u00e9ocoloniale de notre \u00e9poque, n&rsquo;est-ce pas ? Et c&rsquo;est peut-\u00eatre un peu ce que l&rsquo;on recherche. Dans le cas de Trump, comme il a des mani\u00e8res et des fa\u00e7ons d&rsquo;agir assez directes et peu diplomatiques dans de nombreux cas, cela se remarque moins, mais c&rsquo;est un peu dans ce sens que \u00e7a va, n&rsquo;est-ce pas ? \u00a0<\/p>\n<p><strong>Miguel \u00c1ngel, je voulais vous poser une autre question qui est le grand d\u00e9fi de l&rsquo;Europe, \u00e0 savoir l&rsquo;immigration. Tu as dit tout \u00e0 l&rsquo;heure que le Brexit \u00e9tait une tr\u00e8s mauvaise id\u00e9e, certains le disaient d\u00e9j\u00e0 avant que Cameron ne prenne cette d\u00e9cision kamikaze. Nous voyons comment la France, il y a quelques jours, et l&rsquo;Allemagne, hier, ont conclu des accords avec le Royaume-Uni, des alliances en mati\u00e8re de d\u00e9fense. Pedro parlait tout \u00e0 l&rsquo;heure de l&rsquo;incertitude de Trump, de l&rsquo;incertitude de Poutine, mais la question de l&rsquo;immigration est l&rsquo;un des th\u00e8mes fondamentaux et l&rsquo;Europe doit avoir une politique claire, efficace et surtout sans penser \u00e0 des \u00e9lections faciles, car l&rsquo;immigration est un probl\u00e8me fondamental qui doit \u00eatre r\u00e9solu.\u00a0<\/strong><\/p>\n<p>Ce nouveau pacte migratoire dont nous parlons \u00e9galement depuis quelques ann\u00e9es, surtout en 2015, lors de la crise migratoire qui a suivi l&rsquo;arriv\u00e9e des r\u00e9fugi\u00e9s syriens, \u00e0 l&rsquo;\u00e9poque en Allemagne, les probl\u00e8mes pos\u00e9s par des pays comme la Hongrie, la Pologne et d&rsquo;autres, fait toujours l&rsquo;objet de n\u00e9gociations, des mesures plus s\u00e9v\u00e8res sont introduites, ce que je peux \u00e9galement comprendre, afin d&rsquo;\u00e9viter \u00e9galement cette d\u00e9rive vers l&rsquo;extr\u00eame droite. Mais c&rsquo;est bien s\u00fbr un sujet qui doit \u00eatre bien g\u00e9r\u00e9, car l&rsquo;immigration est n\u00e9cessaire en Europe. C&rsquo;est tr\u00e8s clair. Je reviens de Tanger, o\u00f9 j&rsquo;\u00e9tais il y a une semaine, et l\u00e0-bas, on voit des familles avec trois ou quatre enfants, on marche dans la rue et on ne voit que des enfants, alors qu&rsquo;ici, on ne voit que des chats et des chiens, n&rsquo;est-ce pas ? On ne voit pas d&rsquo;enfants, c&rsquo;est la v\u00e9rit\u00e9.\u00a0<\/p>\n<p>Tout cela donne l&rsquo;impression que, dans le pays, sur le continent ou dans l&rsquo;entit\u00e9 supranationale qu&rsquo;est l&rsquo;Union europ\u00e9enne dans laquelle nous vivons actuellement, face au vieillissement de la population et au grand nombre de retrait\u00e9s, il y a beaucoup d&#8217;emplois que les nationaux ne veulent pas faire, etc. Souvent, on a besoin de migrants, mais pas seulement pour ce type d&#8217;emplois, il y a aussi des emplois tr\u00e8s qualifi\u00e9s et de haut niveau que peuvent occuper des immigrants tr\u00e8s brillants, et je pense qu&rsquo;on n&rsquo;en parle pas beaucoup non plus et que souvent, nous devons importer ce type d&rsquo;esprits brillants maintenant que les \u00c9tats-Unis leur mettent en quelque sorte des b\u00e2tons dans les roues et des obstacles, je pense que nous devons tirer parti de ce probl\u00e8me que connaissent les \u00c9tats-Unis. Je pense que c&rsquo;est une question importante \u00e0 r\u00e9soudre, qu&rsquo;il faut g\u00e9rer cette migration r\u00e9guli\u00e8re, \u00e9viter l&rsquo;irr\u00e9gularit\u00e9 et je pense qu&rsquo;il faut parvenir \u00e0 des accords avec des pays tiers pour mieux g\u00e9rer ce d\u00e9fi. Plus qu&rsquo;un probl\u00e8me, car c&rsquo;est un probl\u00e8me, mais c&rsquo;est aussi une solution au vieillissement de l&rsquo;Europe.\u00a0<\/p>\n","protected":false},"excerpt":{"rendered":"Le professeur d&rsquo;universit\u00e9 et pr\u00e9sident de l&rsquo;association Ideas y Debate, Miguel \u00c1ngel Benedicto, a analys\u00e9 son dernier livre&hellip;\n","protected":false},"author":2,"featured_media":264561,"comment_status":"","ping_status":"","sticky":false,"template":"","format":"standard","meta":{"footnotes":""},"categories":[1586],"tags":[11,1777,674,1779,1011,27,1577,12,14750,25,1778,14749,364],"class_list":{"0":"post-264560","1":"post","2":"type-post","3":"status-publish","4":"format-standard","5":"has-post-thumbnail","7":"category-europe","8":"tag-actualites","9":"tag-eu","10":"tag-europe","11":"tag-european-union","12":"tag-fr","13":"tag-france","14":"tag-l","15":"tag-news","16":"tag-politica","17":"tag-republique-francaise","18":"tag-ue","19":"tag-union-europea","20":"tag-union-europeenne"},"share_on_mastodon":{"url":"https:\/\/pubeurope.com\/@fr\/114894144964625263","error":""},"_links":{"self":[{"href":"https:\/\/www.europesays.com\/fr\/wp-json\/wp\/v2\/posts\/264560","targetHints":{"allow":["GET"]}}],"collection":[{"href":"https:\/\/www.europesays.com\/fr\/wp-json\/wp\/v2\/posts"}],"about":[{"href":"https:\/\/www.europesays.com\/fr\/wp-json\/wp\/v2\/types\/post"}],"author":[{"embeddable":true,"href":"https:\/\/www.europesays.com\/fr\/wp-json\/wp\/v2\/users\/2"}],"replies":[{"embeddable":true,"href":"https:\/\/www.europesays.com\/fr\/wp-json\/wp\/v2\/comments?post=264560"}],"version-history":[{"count":0,"href":"https:\/\/www.europesays.com\/fr\/wp-json\/wp\/v2\/posts\/264560\/revisions"}],"wp:featuredmedia":[{"embeddable":true,"href":"https:\/\/www.europesays.com\/fr\/wp-json\/wp\/v2\/media\/264561"}],"wp:attachment":[{"href":"https:\/\/www.europesays.com\/fr\/wp-json\/wp\/v2\/media?parent=264560"}],"wp:term":[{"taxonomy":"category","embeddable":true,"href":"https:\/\/www.europesays.com\/fr\/wp-json\/wp\/v2\/categories?post=264560"},{"taxonomy":"post_tag","embeddable":true,"href":"https:\/\/www.europesays.com\/fr\/wp-json\/wp\/v2\/tags?post=264560"}],"curies":[{"name":"wp","href":"https:\/\/api.w.org\/{rel}","templated":true}]}}