{"id":264564,"date":"2025-07-22T00:53:37","date_gmt":"2025-07-22T00:53:37","guid":{"rendered":"https:\/\/www.europesays.com\/fr\/264564\/"},"modified":"2025-07-22T00:53:37","modified_gmt":"2025-07-22T00:53:37","slug":"om-face-a-charleroi-les-olympiens-concedent-le-nul-pour-leur-second-match-amical-en-deux-jours","status":"publish","type":"post","link":"https:\/\/www.europesays.com\/fr\/264564\/","title":{"rendered":"OM. Face \u00e0 Charleroi, les Olympiens conc\u00e8dent le nul pour leur second match amical en deux jours"},"content":{"rendered":"<p>Un OM moins convaincant. Quoi de plus normal en plein c\u0153ur d\u2019une pr\u00e9paration estivale cors\u00e9e, au lendemain, aussi, <a href=\"https:\/\/www.laprovence.com\/article\/om\/1413363963505815\/om-un-festival-offensif-pour-le-premier-match-amical-des-olympiens\" target=\"_blank\" rel=\"nofollow noopener\">d\u2019une premi\u00e8re rencontre amicale nettement domin\u00e9e (5-0)<\/a> face \u00e0 l\u2019Excelsior Maassluis (D3 n\u00e9erlandaise)\u00a0? Pour leur seconde sortie sur les terrains du KNVB Campus, le Clairefontaine de la s\u00e9lection oranje, l\u2019histoire (inutile) de l\u2019OM retiendra que les hommes de Roberto De Zerbi ont conc\u00e9d\u00e9 le nul (1-1) devant un autre Olympique, celui de Charleroi, pensionnaire de D2 belge.<\/p>\n<p>Au-del\u00e0 d\u2019un score anecdotique, les suiveurs de ce galop d\u2019entra\u00eenement retiendront que le technicien italien a, une nouvelle fois, align\u00e9 deux \u00e9quipes totalement diff\u00e9rentes d\u2019une mi-temps \u00e0 l\u2019autre. Mais, contrairement \u00e0 la veille, \u00ab\u00a0Roby\u00a0\u00bb a pr\u00e9f\u00e9r\u00e9 d\u00e9marrer avec son \u00ab\u00a0onze\u00a0\u00bb de rempla\u00e7ants et terminer avec l\u2019\u00e9quipe-type du moment. L\u2019occasion de constater que chaque p\u00e9riode fut moins convaincante que la veille, autant dans la qualit\u00e9 du pressing que des encha\u00eenements collectifs.<\/p>\n<p>Bakola et Sellami, deux jeunes en vue<\/p>\n<p>Avant l\u2019entracte, quelques jeunes ont n\u00e9anmoins eu l\u2019occasion de se signaler, Darryl Bakola en t\u00eate, qui ne s\u2019est pas cach\u00e9 dans les phases de construction. La d\u00e9fense, exp\u00e9rimentale, n\u2019a pas \u00e9t\u00e9 souveraine face \u00e0 Ferber, auteur de l\u2019ouverture du score (23), et les siens. Plus d\u2019enseignements sont \u00e0 tirer du deuxi\u00e8me acte, pourtant entam\u00e9 de la pire des mani\u00e8res, avec l\u2019exclusion d\u2019Amir Murillo, cons\u00e9cutive \u00e0 deux avertissements re\u00e7us coup sur coup. L\u2019exc\u00e8s de z\u00e8le de l\u2019arbitre aura, au moins, permis \u00e0 un autre minot, Yanis Sellami, de fouler la pelouse, o\u00f9 il s\u2019est distingu\u00e9 \u00e0 la construction aux c\u00f4t\u00e9s d\u2019Angel Gomes, encore tr\u00e8s s\u00e9duisant.<\/p>\n<p>Sup\u00e9rieurs aux Belges, les \u00ab\u00a0titulaires\u00a0\u00bb ont imprim\u00e9 leur jeu, avec plusieurs belles combinaisons, sans toutefois imprimer un rythme et une pr\u00e9cision, aussi soutenus que dimanche dernier. Malgr\u00e9 plusieurs occasions de l\u2019emporter (62, 81, 82), l\u2019OM se contentera d\u2019un but splendide, sign\u00e9 Mason Greenwood. Le quatri\u00e8me de l\u2019Anglais en l\u2019espace de 24\u00a0heures\u2026<\/p>\n<p>Prochain rendez-vous amical pour Leonardo Balerdi et sa bande, ce samedi <a href=\"https:\/\/www.laprovence.com\/article\/om\/1408090316734715\/om-130-000-personnes-connectees-sur-youtube-pour-suivre-le-premier-match-de-presaison-des-olympiens-face-a-une-d3-neerlandaise\" target=\"_blank\" rel=\"nofollow noopener\">(20h, diffus\u00e9 sur la cha\u00eene Twitch du club)<\/a> face \u00e0 Girona, ex-participant \u00e0 la Ligue des champions 2024-25. Une tout autre adversit\u00e9 pour mieux se jauger.<\/p>\n<p><strong>OM 1 &#8211; Charleroi (D2 belge) 1<\/strong><\/p>\n<p><strong>KNVB Campus. Mi-temps\u00a0:<\/strong> 0-1.<\/p>\n<p><strong>Buts &#8211; OM\u00a0:<\/strong> Greenwood (69).<\/p>\n<p><strong>Charleroi\u00a0:<\/strong> Ferber (23).<\/p>\n<p><strong>OM &#8211; 1re mi-temps\u00a0:<\/strong> De Lange &#8211; Egan-Riley, Kondogbia (cap.\u00a0; Le Pironnec, 33), Cornelius, Lirola &#8211; Nadir, Bakola &#8211; Abdallah, Harit, Vaz &#8211; Maupay<\/p>\n<p><strong>OM &#8211; 2e mi-temps\u00a0:<\/strong> Rulli &#8211; Murillo (Sellami, 54), Balerdi (cap.), Medina, Garcia &#8211; Angel Gomes, Hojbjerg &#8211; Greenwood, Rabiot, Rowe &#8211; Gouiri.<\/p>\n<p><strong>Entra\u00eeneur\u00a0:<\/strong> Roberto De Zerbi.<\/p>\n","protected":false},"excerpt":{"rendered":"Un OM moins convaincant. Quoi de plus normal en plein c\u0153ur d\u2019une pr\u00e9paration estivale cors\u00e9e, au lendemain, aussi,&hellip;\n","protected":false},"author":2,"featured_media":264565,"comment_status":"","ping_status":"","sticky":false,"template":"","format":"standard","meta":{"footnotes":""},"categories":[2],"tags":[17,11,24403,40407,2823,1011,27,151,12,40408,12072,149,25],"class_list":{"0":"post-264564","1":"post","2":"type-post","3":"status-publish","4":"format-standard","5":"has-post-thumbnail","7":"category-actualites","8":"tag-17","9":"tag-actualites","10":"tag-charleroi","11":"tag-concedent","12":"tag-face","13":"tag-fr","14":"tag-france","15":"tag-les","16":"tag-news","17":"tag-nul","18":"tag-olympiens","19":"tag-om","20":"tag-republique-francaise"},"share_on_mastodon":{"url":"https:\/\/pubeurope.com\/@fr\/114894156713782611","error":""},"_links":{"self":[{"href":"https:\/\/www.europesays.com\/fr\/wp-json\/wp\/v2\/posts\/264564","targetHints":{"allow":["GET"]}}],"collection":[{"href":"https:\/\/www.europesays.com\/fr\/wp-json\/wp\/v2\/posts"}],"about":[{"href":"https:\/\/www.europesays.com\/fr\/wp-json\/wp\/v2\/types\/post"}],"author":[{"embeddable":true,"href":"https:\/\/www.europesays.com\/fr\/wp-json\/wp\/v2\/users\/2"}],"replies":[{"embeddable":true,"href":"https:\/\/www.europesays.com\/fr\/wp-json\/wp\/v2\/comments?post=264564"}],"version-history":[{"count":0,"href":"https:\/\/www.europesays.com\/fr\/wp-json\/wp\/v2\/posts\/264564\/revisions"}],"wp:featuredmedia":[{"embeddable":true,"href":"https:\/\/www.europesays.com\/fr\/wp-json\/wp\/v2\/media\/264565"}],"wp:attachment":[{"href":"https:\/\/www.europesays.com\/fr\/wp-json\/wp\/v2\/media?parent=264564"}],"wp:term":[{"taxonomy":"category","embeddable":true,"href":"https:\/\/www.europesays.com\/fr\/wp-json\/wp\/v2\/categories?post=264564"},{"taxonomy":"post_tag","embeddable":true,"href":"https:\/\/www.europesays.com\/fr\/wp-json\/wp\/v2\/tags?post=264564"}],"curies":[{"name":"wp","href":"https:\/\/api.w.org\/{rel}","templated":true}]}}