{"id":264571,"date":"2025-07-22T01:00:57","date_gmt":"2025-07-22T01:00:57","guid":{"rendered":"https:\/\/www.europesays.com\/fr\/264571\/"},"modified":"2025-07-22T01:00:57","modified_gmt":"2025-07-22T01:00:57","slug":"arthur-rinderknech-vainqueur-dun-apre-combat-au-premier-tour-de-kitzbuhel-hugo-gaston-deja-elimine-lequipe","status":"publish","type":"post","link":"https:\/\/www.europesays.com\/fr\/264571\/","title":{"rendered":"Arthur Rinderknech vainqueur d&#039;un \u00e2pre combat au premier tour de Kitzb\u00fchel, Hugo Gaston d\u00e9j\u00e0 \u00e9limin\u00e9 &#8211; L&#039;\u00c9quipe"},"content":{"rendered":"<ol>\n<li><a href=\"https:\/\/news.google.com\/rss\/articles\/CBMi4gFBVV95cUxPaml0aE5GNnVSc1h5d3RqZWhYUGY3WnJkelBVamI4NjNxU240aHRoVmVvZDJrZC1OcHQ4Y1pTbzFUR3J4dGZFWFhwN2toeHF1RlMzbkRkTEZXUzlEX2ZEbVBLRkRDdF93WEowajRhN2JoNkNUb3ZMamU2T3JOTDFTaVdzOEVGRThxWlhRUTJXalRUaTliSWRvSDVOVVNYdm15OU5kOG5mMGN1R2xBUU9aSFd0aVZoaHJaU3NOSm1aSnltNk9fNlA0RUJXdlBfWlR5SXNVZFp1QzVmUXlucUNSdnd3?oc=5\" target=\"_blank\" rel=\"nofollow noopener\">Arthur Rinderknech vainqueur d&rsquo;un \u00e2pre combat au premier tour de Kitzb\u00fchel, Hugo Gaston d\u00e9j\u00e0 \u00e9limin\u00e9<\/a>&nbsp;&nbsp;L&rsquo;\u00c9quipe<\/li>\n<li><a href=\"https:\/\/news.google.com\/rss\/articles\/CBMisgFBVV95cUxOY2Q3Nkc3MDlIQlNBMU1EMXRsdEdHNDN4a2stdkhheWIwUXFqYVNGc0xJRlJTLVlvVTBiUE1kTXlzRlpnRGxEeG82eEhncFZZSk5VNmdhZU9qMWhPTjBVUnNKcVVwOEo3aUh1TWlMUTB1WW9rVlZ2dHRaQW5rNHVoOHhDcGs4V0IwLW1pZVROTndDZ1Z0SEZheXFJQ1BzYjA4clZ5SnE3bUZLZzY5UHJDUlF3?oc=5\" target=\"_blank\" rel=\"nofollow noopener\">ATP &#8211; Kitzb\u00fchel : Gaston perd gros, Rinderknech passe<\/a>&nbsp;&nbsp;Orange Actualit\u00e9s | Sports<\/li>\n<li><a href=\"https:\/\/news.google.com\/rss\/articles\/CBMilwFBVV95cUxPVFVfRkRBZTY3WUdoZ3JzNmt5Nk9mNmo0NXVVc3V2b0dBTnFhTTkyU1lQb3VLM19WdjNQNUpjZlhMUmxfUW9Ec1VYd0pyanNpbElxVE01ekZfT2pRMWk5amJkMUd5dGg0bmw4VC1Eckp1cU4xdHJLYjduMTdSc2s2UUw0WmJfazJQQnp5OUJoR2ViRHE4bzM4?oc=5\" target=\"_blank\" rel=\"nofollow noopener\">ATP Kitzbuhel : Tableau et r\u00e9sultats en direct<\/a>&nbsp;&nbsp;Ski-nordique<\/li>\n<li><a href=\"https:\/\/news.google.com\/rss\/articles\/CBMihgFBVV95cUxOTEs3RUhzaE9KU3RjMnJqRF9QR2VGS2F4TDM0M3J2XzhWSG5fY2E1UzVEdGhpc0p6QnZEUHpQZm1IN2NtMmU4Nldaa2c0SEw5V09uc1RwUDdoMzlzVFZmT2NnZFI5V1IwaWo5U1hmZmJ1QjNFeWJzTVNGMTRTU1dLU2xKWmoxUQ?oc=5\" target=\"_blank\" rel=\"nofollow noopener\">Pronostic Hugo Gaston &#8211; Norbert Gombos<\/a>&nbsp;&nbsp;RueDesJoueurs<\/li>\n<li><a href=\"https:\/\/news.google.com\/rss\/articles\/CBMiuwFBVV95cUxQeG9GWE5SU1dKdVNRT29kUF80dlRmT3Z4T01pbjhPX0M5cUFtUGxGTWZaTVZEa3lROUFMNUZuS0hiaVZqRWRzMHJlVWRuU2RzcDEwdDRacGhiZU1MTEZBTDgwYmQ5YklsUlVoaHBDaFYwRlBFWXlYZ2pZVTJNXzROazhLOXk2akE3ZHZSUV85NmNiVUE5cUZBcUVyT1ZqZWgxYTVVNXRSR3Rsa3Q1QW9lWWR5VldYbDdOZ2xv?oc=5\" target=\"_blank\" rel=\"nofollow noopener\">ATP &#8211; Kitzb\u00fchel &#8211; Arthur Cazaux special exempt : tout sur le tableau de Kitzb\u00fchel<\/a>&nbsp;&nbsp;Tennis Actu<\/li>\n<\/ol>\n","protected":false},"excerpt":{"rendered":"Arthur Rinderknech vainqueur d&rsquo;un \u00e2pre combat au premier tour de Kitzb\u00fchel, Hugo Gaston d\u00e9j\u00e0 \u00e9limin\u00e9&nbsp;&nbsp;L&rsquo;\u00c9quipe ATP &#8211; Kitzb\u00fchel&hellip;\n","protected":false},"author":2,"featured_media":264572,"comment_status":"","ping_status":"","sticky":false,"template":"","format":"standard","meta":{"footnotes":""},"categories":[1415],"tags":[1011,27,60,1467],"class_list":{"0":"post-264571","1":"post","2":"type-post","3":"status-publish","4":"format-standard","5":"has-post-thumbnail","7":"category-tennis","8":"tag-fr","9":"tag-france","10":"tag-sports","11":"tag-tennis"},"share_on_mastodon":{"url":"https:\/\/pubeurope.com\/@fr\/114894188222265034","error":""},"_links":{"self":[{"href":"https:\/\/www.europesays.com\/fr\/wp-json\/wp\/v2\/posts\/264571","targetHints":{"allow":["GET"]}}],"collection":[{"href":"https:\/\/www.europesays.com\/fr\/wp-json\/wp\/v2\/posts"}],"about":[{"href":"https:\/\/www.europesays.com\/fr\/wp-json\/wp\/v2\/types\/post"}],"author":[{"embeddable":true,"href":"https:\/\/www.europesays.com\/fr\/wp-json\/wp\/v2\/users\/2"}],"replies":[{"embeddable":true,"href":"https:\/\/www.europesays.com\/fr\/wp-json\/wp\/v2\/comments?post=264571"}],"version-history":[{"count":0,"href":"https:\/\/www.europesays.com\/fr\/wp-json\/wp\/v2\/posts\/264571\/revisions"}],"wp:featuredmedia":[{"embeddable":true,"href":"https:\/\/www.europesays.com\/fr\/wp-json\/wp\/v2\/media\/264572"}],"wp:attachment":[{"href":"https:\/\/www.europesays.com\/fr\/wp-json\/wp\/v2\/media?parent=264571"}],"wp:term":[{"taxonomy":"category","embeddable":true,"href":"https:\/\/www.europesays.com\/fr\/wp-json\/wp\/v2\/categories?post=264571"},{"taxonomy":"post_tag","embeddable":true,"href":"https:\/\/www.europesays.com\/fr\/wp-json\/wp\/v2\/tags?post=264571"}],"curies":[{"name":"wp","href":"https:\/\/api.w.org\/{rel}","templated":true}]}}