{"id":264575,"date":"2025-07-22T01:04:24","date_gmt":"2025-07-22T01:04:24","guid":{"rendered":"https:\/\/www.europesays.com\/fr\/264575\/"},"modified":"2025-07-22T01:04:24","modified_gmt":"2025-07-22T01:04:24","slug":"le-destin-de-yuki-tsunoda-chez-red-bull-en-peril-villeneuve-remet-en-question-lavenir-face-aux-difficultes","status":"publish","type":"post","link":"https:\/\/www.europesays.com\/fr\/264575\/","title":{"rendered":"Le destin de Yuki Tsunoda chez Red Bull en p\u00e9ril : Villeneuve remet en question l&rsquo;avenir face aux difficult\u00e9s."},"content":{"rendered":"<p>La star montante de Red Bull, Yuki Tsunoda, sous le feu des critiques pour sa performance d\u00e9cevante<\/p>\n<p>L\u2019ancien champion de Formule 1, Jacques Villeneuve, a d\u00e9clench\u00e9 une temp\u00eate de sp\u00e9culations concernant l\u2019avenir de Yuki Tsunoda chez Red Bull Racing. Le pilote japonais, qui a effectu\u00e9 un changement tr\u00e8s m\u00e9diatis\u00e9 vers l\u2019\u00e9quipe Red Bull plus t\u00f4t cette saison, a rencontr\u00e9 d\u2019importants d\u00e9fis pour s\u2019adapter \u00e0 la exigeante voiture RB21.<\/p>\n<p>Depuis ses d\u00e9buts avec l\u2019\u00e9quipe bas\u00e9e \u00e0 Milton Keynes, Tsunoda a eu du mal \u00e0 laisser une empreinte durable, ne marquant que sept points en 10 courses. Alors que l\u2019\u00e9quipe fait \u00e9galement face \u00e0 des difficult\u00e9s pour optimiser la performance de la RB21, des questions se posent sur la capacit\u00e9 de Tsunoda \u00e0 r\u00e9pondre aux normes \u00e9lev\u00e9es fix\u00e9es par Red Bull.<\/p>\n<p>Villeneuve, connu pour sa franchise, a soulign\u00e9 la n\u00e9cessit\u00e9 pour Tsunoda de fournir des r\u00e9sultats exceptionnels pour s\u00e9curiser son avenir avec l\u2019\u00e9quipe, le comparant \u00e0 des l\u00e9gendes de la F1 telles que Lewis Hamilton et Fernando Alonso. La pression est forte pour le jeune pilote afin de prouver sa valeur dans le monde comp\u00e9titif de la Formule 1.<\/p>\n<p>Bien que Red Bull soit d\u00e9termin\u00e9 \u00e0 conserver Tsunoda pour le reste de la saison, sa performance en demi-teinte a jet\u00e9 le doute sur ses perspectives \u00e0 long terme avec l\u2019\u00e9quipe. Le pilote de 25 ans a ouvertement discut\u00e9 des d\u00e9fis de trouver le bon \u00e9quilibre avec la RB21, reconnaissant la fen\u00eatre d\u2019exploitation \u00e9troite de la voiture.<\/p>\n<p>Actuellement positionn\u00e9 \u00e0 la 17e place du classement des pilotes avec seulement 10 points, Tsunoda fait face \u00e0 un combat difficile pour avoir un impact significatif dans ce champ hautement comp\u00e9titif. En revanche, son co\u00e9quipier Max Verstappen conna\u00eet une saison solide, se pla\u00e7ant confortablement \u00e0 la troisi\u00e8me place avec 165 points.<\/p>\n<p>Au fur et \u00e0 mesure que la saison avance, tous les regards seront tourn\u00e9s vers Yuki Tsunoda alors qu\u2019il navigue sous la pression intense de livrer des r\u00e9sultats et de prouver sa place parmi les pilotes d\u2019\u00e9lite en Formule 1. Restez \u00e0 l\u2019\u00e9coute pour plus de mises \u00e0 jour sur cette histoire en d\u00e9veloppement.<\/p>\n","protected":false},"excerpt":{"rendered":"La star montante de Red Bull, Yuki Tsunoda, sous le feu des critiques pour sa performance d\u00e9cevante L\u2019ancien&hellip;\n","protected":false},"author":2,"featured_media":264576,"comment_status":"","ping_status":"","sticky":false,"template":"","format":"standard","meta":{"footnotes":""},"categories":[1412],"tags":[1451,1452,1453,1454,1455,1011,27,60,31350],"class_list":{"0":"post-264575","1":"post","2":"type-post","3":"status-publish","4":"format-standard","5":"has-post-thumbnail","7":"category-f1","8":"tag-f1","9":"tag-formula-1","10":"tag-formula1","11":"tag-formule-1","12":"tag-formule1","13":"tag-fr","14":"tag-france","15":"tag-sports","16":"tag-yuki-tsunodas"},"share_on_mastodon":{"url":"https:\/\/pubeurope.com\/@fr\/114894200283447273","error":""},"_links":{"self":[{"href":"https:\/\/www.europesays.com\/fr\/wp-json\/wp\/v2\/posts\/264575","targetHints":{"allow":["GET"]}}],"collection":[{"href":"https:\/\/www.europesays.com\/fr\/wp-json\/wp\/v2\/posts"}],"about":[{"href":"https:\/\/www.europesays.com\/fr\/wp-json\/wp\/v2\/types\/post"}],"author":[{"embeddable":true,"href":"https:\/\/www.europesays.com\/fr\/wp-json\/wp\/v2\/users\/2"}],"replies":[{"embeddable":true,"href":"https:\/\/www.europesays.com\/fr\/wp-json\/wp\/v2\/comments?post=264575"}],"version-history":[{"count":0,"href":"https:\/\/www.europesays.com\/fr\/wp-json\/wp\/v2\/posts\/264575\/revisions"}],"wp:featuredmedia":[{"embeddable":true,"href":"https:\/\/www.europesays.com\/fr\/wp-json\/wp\/v2\/media\/264576"}],"wp:attachment":[{"href":"https:\/\/www.europesays.com\/fr\/wp-json\/wp\/v2\/media?parent=264575"}],"wp:term":[{"taxonomy":"category","embeddable":true,"href":"https:\/\/www.europesays.com\/fr\/wp-json\/wp\/v2\/categories?post=264575"},{"taxonomy":"post_tag","embeddable":true,"href":"https:\/\/www.europesays.com\/fr\/wp-json\/wp\/v2\/tags?post=264575"}],"curies":[{"name":"wp","href":"https:\/\/api.w.org\/{rel}","templated":true}]}}