{"id":264584,"date":"2025-07-22T01:14:02","date_gmt":"2025-07-22T01:14:02","guid":{"rendered":"https:\/\/www.europesays.com\/fr\/264584\/"},"modified":"2025-07-22T01:14:02","modified_gmt":"2025-07-22T01:14:02","slug":"a-saint-esteve-claude-rives-ecrivain-et-poete-a-sorti-sont-12e-ouvrage-melanges","status":"publish","type":"post","link":"https:\/\/www.europesays.com\/fr\/264584\/","title":{"rendered":"A Saint-Est\u00e8ve, Claude Rives, \u00e9crivain et po\u00e8te a sorti sont 12e ouvrage : \u00ab\u00a0M\u00e9langes\u00a0\u00bb"},"content":{"rendered":"<p>\n                                                                Claude Rives a fait \u00e9diter son 12e livre, et c\u2019est d\u2019une plume sensible qu\u2019il nous livre ses souvenirs, ses passages et son amour pour l\u2019Espagne, la guerre, mais toujours avec ce go\u00fbt de la vie, de l\u2019\u00e9criture et ce d\u00e9sir d\u2019\u00eatre heureux et d\u2019aimer.\n                            <\/p>\n<p class=\"txt-question\"><b>Vous venez d\u2019\u00e9diter \u00ab\u00a0M\u00e9langes\u00a0\u00bb, est-ce une version romanesque de vos souvenirs ?<\/b><\/p>\n<p>Oui, justement, certains de mes textes peuvent avoir une version romanesque de mes souvenirs. D\u2019ailleurs, j\u2019ai \u00e9crit un r\u00e9cit en hommage \u00e0 mes parents et de ma vie avec eux \u00e0 la campagne.<\/p>\n<p class=\"txt-question\"><b>C\u2019est votre 12e ouvrage. Quel a \u00e9t\u00e9 le d\u00e9clic ?<\/b><\/p>\n<p>J\u2019ai voulu capter les moments de ma vie importants pour moi, en essayant de faire ressentir les \u00e9motions saisies sur le moment, impr\u00e9gn\u00e9es parfois de l\u2019influence du surr\u00e9alisme dont on a f\u00eat\u00e9 il y a peu le centenaire du premier manifeste.<\/p>\n<p class=\"txt-question\"><b>Dans votre enfance, aviez-vous des rapports \u00e9troits avec la lecture ?<\/b><\/p>\n<p>J\u2019ai toujours et assez t\u00f4t, aim\u00e9 lire. J\u2019avais 5 ou 6 ans quand j\u2019allais chez les s\u0153urs qui m\u2019ont appris \u00e0 lire et je me souviens surtout des livres qui m\u2019ont marqu\u00e9 : Les trois mousquetaires, les Jules Verne, Jack London etc.<\/p>\n<p class=\"txt-question\"><b>Plus tard, quels sont les auteurs que vous avez aim\u00e9s ? Qui vous ont influenc\u00e9 ?<\/b><\/p>\n<p>Les po\u00e8tes Hugo, Baudelaire, Verlaine, et plus tardivement, Flaubert, Zola et Proust. Aujourd\u2019hui Michon, Guignard, Simon, Gracq\u2026<\/p>\n<p class=\"txt-question\"><b>D\u2019o\u00f9 vous vient votre style d\u2019\u00e9criture, le go\u00fbt de la prose po\u00e9tique ?<\/b><\/p>\n<p>J\u2019aime les sonorit\u00e9s de la langue, son mouvement, le rythme que les phrases un peu plus longues peuvent permettre. Par exemple dans les descriptions, les souvenirs. De Charles P\u00e9guy \u00e0 Saint-John Perse, d\u2019Apollinaire \u00e0 Breton, Aragon, Bonnefoy. Je me nourris d\u2019eux.<\/p>\n<p class=\"txt-question\"><b>Quand et comment \u00e9crivez-vous ?<\/b><\/p>\n<p>J\u2019aime m\u2019isoler dans mon bureau, entour\u00e9 de livres, de photographies, quand je sens que je vais m\u2019ennuyer et que je vais mal. Mais aussi quand je viens de lire quelque chose qui m\u2019a plu, po\u00e8me ou roman. Lire me donne envie d\u2019\u00e9crire.<\/p>\n<p class=\"txt-question\"><b>Que lisez-vous actuellement ?<\/b><\/p>\n<p>J\u2019ai lu r\u00e9cemment Oran Panuk, Guerre de C\u00e9line, les adages d\u2019Erasme. J\u2019aime aussi relire des pages enti\u00e8res de Proust, D\u00e9sert de Le Clezio, Pas pleurer de Salvayre.<\/p>\n<p class=\"txt-question\"><b>Pour lire, faut-il aimer la solitude ?<\/b><\/p>\n<p>Oui. J\u2019aime bien \u00eatre seul pour cela. Dans mon bureau-biblioth\u00e8que, entour\u00e9 de mes livres et photographies. C\u2019est ainsi que je parviens \u00e0 une \u00e9criture personnelle, \u00e0 un style qui m\u2019est propre, c\u2019est mon petit monde \u00e0 moi que je ne souhaite pas garder pour moi. Dans M\u00e9langes, certains textes t\u00e9moignent assez bien de ce go\u00fbt pour l\u2019\u00e9criture solitaire, la musique de la langue, la po\u00e9sie de la prose.<\/p>\n<p class=\"txt-question\"><b>\u00c0 quand le prochain livre ?<\/b><\/p>\n<p>J\u2019ai commenc\u00e9 un recueil de nouvelles et un autre de po\u00e9sie qui para\u00eetront en automne.<\/p>\n<p>M\u00e9langes aux \u00e9ditions NomBre7. \u00c0 la librairie de la Mirande ou chez l\u2019auteur : 06 50 60 63 81.<\/p>\n","protected":false},"excerpt":{"rendered":"Claude Rives a fait \u00e9diter son 12e livre, et c\u2019est d\u2019une plume sensible qu\u2019il nous livre ses souvenirs,&hellip;\n","protected":false},"author":2,"featured_media":264585,"comment_status":"","ping_status":"","sticky":false,"template":"","format":"standard","meta":{"footnotes":""},"categories":[1357],"tags":[1379,58,59,1011,27,1380],"class_list":{"0":"post-264584","1":"post","2":"type-post","3":"status-publish","4":"format-standard","5":"has-post-thumbnail","7":"category-livres","8":"tag-books","9":"tag-divertissement","10":"tag-entertainment","11":"tag-fr","12":"tag-france","13":"tag-livres"},"share_on_mastodon":{"url":"","error":""},"_links":{"self":[{"href":"https:\/\/www.europesays.com\/fr\/wp-json\/wp\/v2\/posts\/264584","targetHints":{"allow":["GET"]}}],"collection":[{"href":"https:\/\/www.europesays.com\/fr\/wp-json\/wp\/v2\/posts"}],"about":[{"href":"https:\/\/www.europesays.com\/fr\/wp-json\/wp\/v2\/types\/post"}],"author":[{"embeddable":true,"href":"https:\/\/www.europesays.com\/fr\/wp-json\/wp\/v2\/users\/2"}],"replies":[{"embeddable":true,"href":"https:\/\/www.europesays.com\/fr\/wp-json\/wp\/v2\/comments?post=264584"}],"version-history":[{"count":0,"href":"https:\/\/www.europesays.com\/fr\/wp-json\/wp\/v2\/posts\/264584\/revisions"}],"wp:featuredmedia":[{"embeddable":true,"href":"https:\/\/www.europesays.com\/fr\/wp-json\/wp\/v2\/media\/264585"}],"wp:attachment":[{"href":"https:\/\/www.europesays.com\/fr\/wp-json\/wp\/v2\/media?parent=264584"}],"wp:term":[{"taxonomy":"category","embeddable":true,"href":"https:\/\/www.europesays.com\/fr\/wp-json\/wp\/v2\/categories?post=264584"},{"taxonomy":"post_tag","embeddable":true,"href":"https:\/\/www.europesays.com\/fr\/wp-json\/wp\/v2\/tags?post=264584"}],"curies":[{"name":"wp","href":"https:\/\/api.w.org\/{rel}","templated":true}]}}