{"id":264586,"date":"2025-07-22T01:15:48","date_gmt":"2025-07-22T01:15:48","guid":{"rendered":"https:\/\/www.europesays.com\/fr\/264586\/"},"modified":"2025-07-22T01:15:48","modified_gmt":"2025-07-22T01:15:48","slug":"decouvrez-le-nom-du-premier-demi-finaliste-de-la-saison-13","status":"publish","type":"post","link":"https:\/\/www.europesays.com\/fr\/264586\/","title":{"rendered":"D\u00e9couvrez le nom du premier demi-finaliste de la saison 13"},"content":{"rendered":"<p>Lors du dernier prime de Secret Story, A\u00efmed a obtenu un pouvoir crucial. Le candidat avait 48 heures de r\u00e9flexion avant d&rsquo;accorder une place en demi-finale \u00e0 l&rsquo;habitant de son choix. Dans la quotidienne de ce lundi 21 juillet sur TFX, sa d\u00e9cision a \u00e9t\u00e9 annonc\u00e9e. Le premier demi-finaliste de la saison 13 est&#8230;<\/p>\n<p>Apr\u00e8s <a href=\"https:\/\/www.programme-tv.net\/news\/tele-realite\/383600-pimprenelle-eliminee-de-secret-story-2025-revient-sur-sa-rupture-avec-adrien-ca-a-ete-assez-liberateur\/\" data-api-deeplink=\"teleloisirs:\/\/news\/383600\" target=\"_blank\" rel=\"noopener\">l&rsquo;\u00e9limination de Pimprenelle et Adrien<\/a> lors du <a href=\"https:\/\/www.programme-tv.net\/news\/tele-realite\/383548-secret-story-2025-voici-le-resume-du-prime-de-ce-jeudi-17-juillet\/\" data-api-deeplink=\"teleloisirs:\/\/news\/383548\" target=\"_blank\" rel=\"noopener\">dernier prime de Secret Story<\/a>, A\u00efmed a re\u00e7u un avantage de taille de la part de La Voix. Les habitants de la Maison des Secrets ont \u00e9t\u00e9 oblig\u00e9s de se positionner et de donner le nom du candidat qu&rsquo;ils voudraient voir dans le sas la semaine prochaine. Avec trois votes contre lui, A\u00efmed pensait \u00eatre nomm\u00e9 d&rsquo;office mais a finalement h\u00e9rit\u00e9 d&rsquo;un pouvoir lourd de cons\u00e9quences. \u00ab\u00a0La Voix t&rsquo;offre un pouvoir. Tu as 48 heures pour choisir l&rsquo;habitant que tu souhaites qualifier d&rsquo;office pour la demi-finale en l&rsquo;immunisant la semaine prochaine\u00a0\u00bb, a-t-il appris. Et apr\u00e8s un week-end de r\u00e9flexion, il a enfin d\u00e9voil\u00e9 le nom du premier demi-finaliste de la saison 13.<\/p>\n<p>Secret Story 2025 : le premier demi-finaliste est&#8230;<\/p>\n<p>Dans la quotidienne de Secret Story diffus\u00e9e ce lundi 21 juillet sur TFX, A\u00efmed a mis fin au suspense. \u00ab\u00a0La place en demi-finale, c&rsquo;est un cadeau mais c&rsquo;est aussi peut-\u00eatre un bonus strat\u00e9gique. Je peux suivre mon c\u0153ur et mettre quelqu&rsquo;un que je veux soutenir mais je peux aussi suivre mon cerveau et trouver un arrangement strat\u00e9gique pour me sauver une derni\u00e8re fois avant la demi-finale\u00a0\u00bb, a-t-il h\u00e9sit\u00e9 avant de rendre son verdict. Apr\u00e8s un appel du t\u00e9l\u00e9phone rouge, A\u00efmed a d\u00e9voil\u00e9 sa d\u00e9cision. \u00ab\u00a0J&rsquo;ai beaucoup r\u00e9fl\u00e9chi. J&rsquo;ai eu des propositions tr\u00e8s all\u00e9chantes, m\u00eame avec mes pires ennemis&#8230; <b>Dans ce jeu, j&rsquo;ai perdu beaucoup mais il y a une chose que je ne pourrais pas perdre, c&rsquo;est mon dernier alli\u00e9, Noah. Donc que vous le vouliez ou non, je choisis Noah<\/b>\u00ab\u00a0, a-t-il annonc\u00e9. <b>Noah est donc le premier demi-finaliste de <\/b><a href=\"https:\/\/www.programme-tv.net\/news\/tele-realite\/379203-date-de-lancement-retour-des-primes-decouvrez-toutes-les-infos-sur-la-nouvelle-saison-de-secret-story-2025-sur-tf1-et-tfx\/\" data-api-deeplink=\"teleloisirs:\/\/news\/379203\" target=\"_blank\" rel=\"noopener\"><b>la saison 13 de <\/b><b>Secret Story<\/b><\/a><b>.<\/b><\/p>\n<p>                        Noah (Secret Story) r\u00e9agit au choix d&rsquo;A\u00efmed concernant la place en demi-finale<\/p>\n<p>\u00ab\u00a0Je suis trop content. C&rsquo;est quelque chose dont j&rsquo;ai toujours r\u00eav\u00e9 et l\u00e0, je commence \u00e0 le visualiser\u00a0\u00bb, s\u2019est r\u00e9joui Noah dans le confessionnal apr\u00e8s l&rsquo;annonce de son ami. \u00ab\u00a0En plus \u00e7a vient d&rsquo;A\u00efmed, mon grand fr\u00e8re. Je ne le remercierai jamais assez\u00a0\u00bb, a-t-il commenc\u00e9 avant d&rsquo;esp\u00e9rer retrouver son alli\u00e9 en demi-finale : \u00ab\u00a0Et maintenant, mon objectif c&rsquo;est qu&rsquo;il vienne avec moi, qu&rsquo;on aille en demi-finale et apr\u00e8s en finale.\u00a0\u00bb<\/p>\n","protected":false},"excerpt":{"rendered":"Lors du dernier prime de Secret Story, A\u00efmed a obtenu un pouvoir crucial. Le candidat avait 48 heures&hellip;\n","protected":false},"author":2,"featured_media":264587,"comment_status":"","ping_status":"","sticky":false,"template":"","format":"standard","meta":{"footnotes":""},"categories":[1356],"tags":[33339,244,11170,58,59,1011,27,37473,37469,37470,37471,37472,40413,29901,37474,39375,37468,252,30052,2175,1364],"class_list":{"0":"post-264586","1":"post","2":"type-post","3":"status-publish","4":"format-standard","5":"has-post-thumbnail","7":"category-television","8":"tag-au00efmed-secret-story-13","9":"tag-commentaire","10":"tag-demi-finale","11":"tag-divertissement","12":"tag-entertainment","13":"tag-fr","14":"tag-france","15":"tag-la-quotidienne-1099514145","16":"tag-la-quotidienne-1099539196","17":"tag-la-quotidienne-1099553915","18":"tag-la-quotidienne-1099565530","19":"tag-la-quotidienne-1099565538","20":"tag-noah-secret-story-13","21":"tag-secret-story","22":"tag-secret-story-1099553929","23":"tag-secret-story-1099644188","24":"tag-secret-story-40318845","25":"tag-television","26":"tag-tfx","27":"tag-tl-story","28":"tag-tv"},"share_on_mastodon":{"url":"https:\/\/pubeurope.com\/@fr\/114894247264005464","error":""},"_links":{"self":[{"href":"https:\/\/www.europesays.com\/fr\/wp-json\/wp\/v2\/posts\/264586","targetHints":{"allow":["GET"]}}],"collection":[{"href":"https:\/\/www.europesays.com\/fr\/wp-json\/wp\/v2\/posts"}],"about":[{"href":"https:\/\/www.europesays.com\/fr\/wp-json\/wp\/v2\/types\/post"}],"author":[{"embeddable":true,"href":"https:\/\/www.europesays.com\/fr\/wp-json\/wp\/v2\/users\/2"}],"replies":[{"embeddable":true,"href":"https:\/\/www.europesays.com\/fr\/wp-json\/wp\/v2\/comments?post=264586"}],"version-history":[{"count":0,"href":"https:\/\/www.europesays.com\/fr\/wp-json\/wp\/v2\/posts\/264586\/revisions"}],"wp:featuredmedia":[{"embeddable":true,"href":"https:\/\/www.europesays.com\/fr\/wp-json\/wp\/v2\/media\/264587"}],"wp:attachment":[{"href":"https:\/\/www.europesays.com\/fr\/wp-json\/wp\/v2\/media?parent=264586"}],"wp:term":[{"taxonomy":"category","embeddable":true,"href":"https:\/\/www.europesays.com\/fr\/wp-json\/wp\/v2\/categories?post=264586"},{"taxonomy":"post_tag","embeddable":true,"href":"https:\/\/www.europesays.com\/fr\/wp-json\/wp\/v2\/tags?post=264586"}],"curies":[{"name":"wp","href":"https:\/\/api.w.org\/{rel}","templated":true}]}}