{"id":264588,"date":"2025-07-22T01:17:02","date_gmt":"2025-07-22T01:17:02","guid":{"rendered":"https:\/\/www.europesays.com\/fr\/264588\/"},"modified":"2025-07-22T01:17:02","modified_gmt":"2025-07-22T01:17:02","slug":"mariah-carey-annonce-la-sortie-dun-nouvel-album-son-premier-depuis-2018","status":"publish","type":"post","link":"https:\/\/www.europesays.com\/fr\/264588\/","title":{"rendered":"Mariah Carey annonce la sortie d&rsquo;un nouvel album, son premier depuis 2018"},"content":{"rendered":"<p>It&rsquo;s tiiiiime! Habituellement de retour au moment de No\u00ebl, <a data-i13n=\"cpos:1;pos:1\" href=\"https:\/\/fr.news.yahoo.com\/all-i-want-for-christmas-224358788.html\" data-ylk=\"slk:Mariah Carey;cpos:1;pos:1;elm:context_link;itc:0;sec:content-canvas;outcm:mb_qualified_link;_E:mb_qualified_link;ct:story;\" class=\"link  yahoo-link\" rel=\"nofollow noopener\" target=\"_blank\">Mariah Carey<\/a> a annonc\u00e9 par surprise ce lundi 21 juillet, la date de son sortie de son nouvel album, son premier projet depuis sept ans.<\/p>\n<p>Baptis\u00e9 Here for It All, ce disque est pr\u00e9vu pour le 26 septembre prochain. Dans une vid\u00e9o publi\u00e9e sur Instagram, la chanteuse a partag\u00e9 un court extrait d&rsquo;un morceau de cet album.<\/p>\n<p>En concert \u00e0 Sandringham en ao\u00fbt<\/p>\n<p>Annonc\u00e9 depuis 2024 par Mariah Carey, Here for It All sera le 16e album de la chanteuse et son premier depuis Caution en 2018. Cette derni\u00e8re avait amorc\u00e9 son retour en juin en d\u00e9voilant le single Type Dangerous, un titre aux sonorit\u00e9s R&rsquo;n&rsquo;B r\u00e9tro qui sample le morceau Eric B. Is President d&rsquo;Eric B. &amp; Rakim.<\/p>\n<blockquote data-src=\"https:\/\/www.youtube.com\/embed\/_NPe8d6n8qU\" allowfullscreen=\"\"><\/blockquote>\n<p>Outre cet album, la chanteuse a \u00e9t\u00e9 convi\u00e9e \u00e0 participer \u00e0 la deuxi\u00e8me \u00e9dition du festival <a data-i13n=\"cpos:2;pos:1\" href=\"https:\/\/fr.news.yahoo.com\/mariah-carey-va-chanter-roi-191104578.html\" data-ylk=\"slk:Heritage Live;cpos:2;pos:1;elm:context_link;itc:0;sec:content-canvas;outcm:mb_qualified_link;_E:mb_qualified_link;ct:story;\" class=\"link  yahoo-link\" rel=\"nofollow noopener\" target=\"_blank\">Heritage Live<\/a>, pr\u00e9vu du 19 juillet au 17 ao\u00fbt 2025 dans la r\u00e9sidence du roi Charles III \u00e0 <a data-i13n=\"cpos:3;pos:1\" href=\"https:\/\/fr.news.yahoo.com\/charles-iii-atteint-dun-cancer-075909248.html\" data-ylk=\"slk:Sandringham;cpos:3;pos:1;elm:context_link;itc:0;sec:content-canvas;outcm:mb_qualified_link;_E:mb_qualified_link;ct:story;\" class=\"link  yahoo-link\" rel=\"nofollow noopener\" target=\"_blank\"><strong>Sandringham<\/strong><\/a>. La star am\u00e9ricaine se produira le 15 ao\u00fbt aux c\u00f4t\u00e9s de Nile Rodgers &amp; Chic et du groupe de RnB des ann\u00e9es 1990 Eternal.<\/p>\n<p><a data-i13n=\"cpos:4;pos:1\" href=\"https:\/\/www.bfmtv.com\/people\/musique\/mariah-carey-annonce-la-sortie-d-un-nouvel-album-son-premier-depuis-2018_AN-202507210453.html#xtor=AL-68\" rel=\"nofollow noopener\" target=\"_blank\" data-ylk=\"slk:Article original publi\u00e9 sur BFMTV.com;cpos:4;pos:1;elm:context_link;itc:0;sec:content-canvas\" class=\"link \">Article original publi\u00e9 sur BFMTV.com<\/a><\/p>\n","protected":false},"excerpt":{"rendered":"It&rsquo;s tiiiiime! Habituellement de retour au moment de No\u00ebl, Mariah Carey a annonc\u00e9 par surprise ce lundi 21&hellip;\n","protected":false},"author":2,"featured_media":264589,"comment_status":"","ping_status":"","sticky":false,"template":"","format":"standard","meta":{"footnotes":""},"categories":[1355],"tags":[58,59,1011,27,9005,34115,1361,873,25840],"class_list":{"0":"post-264588","1":"post","2":"type-post","3":"status-publish","4":"format-standard","5":"has-post-thumbnail","7":"category-musique","8":"tag-divertissement","9":"tag-entertainment","10":"tag-fr","11":"tag-france","12":"tag-la-chanteuse","13":"tag-mariah-carey","14":"tag-music","15":"tag-musique","16":"tag-viktorija-burakauskas"},"share_on_mastodon":{"url":"https:\/\/pubeurope.com\/@fr\/114894251082189745","error":""},"_links":{"self":[{"href":"https:\/\/www.europesays.com\/fr\/wp-json\/wp\/v2\/posts\/264588","targetHints":{"allow":["GET"]}}],"collection":[{"href":"https:\/\/www.europesays.com\/fr\/wp-json\/wp\/v2\/posts"}],"about":[{"href":"https:\/\/www.europesays.com\/fr\/wp-json\/wp\/v2\/types\/post"}],"author":[{"embeddable":true,"href":"https:\/\/www.europesays.com\/fr\/wp-json\/wp\/v2\/users\/2"}],"replies":[{"embeddable":true,"href":"https:\/\/www.europesays.com\/fr\/wp-json\/wp\/v2\/comments?post=264588"}],"version-history":[{"count":0,"href":"https:\/\/www.europesays.com\/fr\/wp-json\/wp\/v2\/posts\/264588\/revisions"}],"wp:featuredmedia":[{"embeddable":true,"href":"https:\/\/www.europesays.com\/fr\/wp-json\/wp\/v2\/media\/264589"}],"wp:attachment":[{"href":"https:\/\/www.europesays.com\/fr\/wp-json\/wp\/v2\/media?parent=264588"}],"wp:term":[{"taxonomy":"category","embeddable":true,"href":"https:\/\/www.europesays.com\/fr\/wp-json\/wp\/v2\/categories?post=264588"},{"taxonomy":"post_tag","embeddable":true,"href":"https:\/\/www.europesays.com\/fr\/wp-json\/wp\/v2\/tags?post=264588"}],"curies":[{"name":"wp","href":"https:\/\/api.w.org\/{rel}","templated":true}]}}