{"id":264592,"date":"2025-07-22T01:20:17","date_gmt":"2025-07-22T01:20:17","guid":{"rendered":"https:\/\/www.europesays.com\/fr\/264592\/"},"modified":"2025-07-22T01:20:17","modified_gmt":"2025-07-22T01:20:17","slug":"des-fruits-tropicaux-a-lorigine-dune-forme-severe-de-la-maladie-de-parkinson-liberation","status":"publish","type":"post","link":"https:\/\/www.europesays.com\/fr\/264592\/","title":{"rendered":"Des fruits tropicaux \u00e0 l\u2019origine d\u2019une forme s\u00e9v\u00e8re de la maladie de Parkinson \u2013 Lib\u00e9ration"},"content":{"rendered":"<p class=\"sc-ksZaOG ehjQrN text-element\">Consomm\u00e9s dans les Antilles, en Guyane et \u00e0 la R\u00e9union pour leur chair ou leurs feuilles, le zatte, le corossol et le cachiman sont, entre autres, appr\u00e9ci\u00e9s en jus et pour leurs vertus pour le sommeil. Mais ces fruits peuvent \u00eatre un danger pour la sant\u00e9. Depuis plusieurs ann\u00e9es, des chercheurs du CHU de Guadeloupe et l\u2019Institut du cerveau de Paris ont identifi\u00e9 un lien entre leur consommation et une forme s\u00e9v\u00e8re de <a href=\"https:\/\/www.liberation.fr\/culture\/scenes\/malades-de-parkinson-la-danse-nous-permet-doublier-un-moment-que-notre-corps-nous-echappe-20240822_W4BF6CQUSVBZDEX52XW7MGUI6E\/\" target=\"_blank\" rel=\"nofollow noopener\" title=\"https:\/\/www.liberation.fr\/culture\/scenes\/malades-de-parkinson-la-danse-nous-permet-doublier-un-moment-que-notre-corps-nous-echappe-20240822_W4BF6CQUSVBZDEX52XW7MGUI6E\/\">la maladie de Parkinson<\/a>, deuxi\u00e8me maladie neurod\u00e9g\u00e9n\u00e9rative la plus fr\u00e9quente en France apr\u00e8s la maladie d\u2019Alzheimer. En 2020, 175 000 personnes ont \u00e9t\u00e9 trait\u00e9es et 28 000 cas sont diagnostiqu\u00e9s chaque ann\u00e9e, <a href=\"https:\/\/www.santepubliquefrance.fr\/maladies-et-traumatismes\/maladies-liees-au-travail\/maladie-de-parkinson\/donnees\/\" target=\"_blank\" rel=\"nofollow noopener\">selon Sant\u00e9 Publique France<\/a>. Annie Lannuzel, professeure en neurologie au CHU de Guadeloupe, a r\u00e9pondu \u00e0 nos questions pour faire la lumi\u00e8re sur le \u00abParkinson carib\u00e9en\u00bb.<\/p>\n<p class=\"sc-ksZaOG ehjQrN text-element\"><b>Que r\u00e9v\u00e8lent les \u00e9tudes men\u00e9es ces derni\u00e8res ann\u00e9es ?<\/b><\/p>\n<p class=\"sc-ksZaOG ehjQrN text-element\">Au d\u00e9but des ann\u00e9es 2000, une forme particuli\u00e8re de Parkinson a \u00e9t\u00e9 observ\u00e9e chez certains patients qui con<\/p>\n","protected":false},"excerpt":{"rendered":"Consomm\u00e9s dans les Antilles, en Guyane et \u00e0 la R\u00e9union pour leur chair ou leurs feuilles, le zatte,&hellip;\n","protected":false},"author":2,"featured_media":264593,"comment_status":"","ping_status":"","sticky":false,"template":"","format":"standard","meta":{"footnotes":""},"categories":[10],"tags":[1011,27,6142,7644,72,20470,4166,71],"class_list":{"0":"post-264592","1":"post","2":"type-post","3":"status-publish","4":"format-standard","5":"has-post-thumbnail","7":"category-sante","8":"tag-fr","9":"tag-france","10":"tag-guadeloupe","11":"tag-guyane","12":"tag-health","13":"tag-martinique","14":"tag-outre-mer","15":"tag-sante"},"share_on_mastodon":{"url":"https:\/\/pubeurope.com\/@fr\/114894262973989070","error":""},"_links":{"self":[{"href":"https:\/\/www.europesays.com\/fr\/wp-json\/wp\/v2\/posts\/264592","targetHints":{"allow":["GET"]}}],"collection":[{"href":"https:\/\/www.europesays.com\/fr\/wp-json\/wp\/v2\/posts"}],"about":[{"href":"https:\/\/www.europesays.com\/fr\/wp-json\/wp\/v2\/types\/post"}],"author":[{"embeddable":true,"href":"https:\/\/www.europesays.com\/fr\/wp-json\/wp\/v2\/users\/2"}],"replies":[{"embeddable":true,"href":"https:\/\/www.europesays.com\/fr\/wp-json\/wp\/v2\/comments?post=264592"}],"version-history":[{"count":0,"href":"https:\/\/www.europesays.com\/fr\/wp-json\/wp\/v2\/posts\/264592\/revisions"}],"wp:featuredmedia":[{"embeddable":true,"href":"https:\/\/www.europesays.com\/fr\/wp-json\/wp\/v2\/media\/264593"}],"wp:attachment":[{"href":"https:\/\/www.europesays.com\/fr\/wp-json\/wp\/v2\/media?parent=264592"}],"wp:term":[{"taxonomy":"category","embeddable":true,"href":"https:\/\/www.europesays.com\/fr\/wp-json\/wp\/v2\/categories?post=264592"},{"taxonomy":"post_tag","embeddable":true,"href":"https:\/\/www.europesays.com\/fr\/wp-json\/wp\/v2\/tags?post=264592"}],"curies":[{"name":"wp","href":"https:\/\/api.w.org\/{rel}","templated":true}]}}