{"id":264594,"date":"2025-07-22T01:21:34","date_gmt":"2025-07-22T01:21:34","guid":{"rendered":"https:\/\/www.europesays.com\/fr\/264594\/"},"modified":"2025-07-22T01:21:34","modified_gmt":"2025-07-22T01:21:34","slug":"gaetan-laborde-quitte-la-ligue-1-france-ogc-nice","status":"publish","type":"post","link":"https:\/\/www.europesays.com\/fr\/264594\/","title":{"rendered":"Ga\u00ebtan Laborde quitte la Ligue 1 &#8211; France &#8211; OGC Nice"},"content":{"rendered":"<p>Une fine g\u00e2chette de moins.<\/p>\n<p><strong>L\u2019OGC Nice a annonc\u00e9 ce lundi soir le d\u00e9part de Ga\u00ebtan Laborde<\/strong>, apr\u00e8s trois ans pass\u00e9s chez les Aiglons. <strong>L\u2019attaquant de 31 ans s\u2019est engag\u00e9 avec Al-Diraiyah, tout juste promu en\u2026 deuxi\u00e8me division saoudienne.<\/strong> Un transfert qui devrait d\u00e9passer les cinq millions d\u2019euros pour le Gym, selon plusieurs sources.<\/p>\n<p>Et le meilleur buteur de L1 en activit\u00e9 est\u2026<\/p>\n<p>Laborde quitte la C\u00f4te d\u2019Azur apr\u00e8s avoir plant\u00e9 33 buts en 118 matchs disput\u00e9s sous le maillot ni\u00e7ois. Il dit surtout au revoir au championnat de France, lui qui a vadrouill\u00e9 entre les divisions avec Bordeaux, le Red Star, Clermont, Brest, Montpellier, Rennes et donc Nice.<\/p>\n<blockquote class=\"twitter-tweet\">\n<p lang=\"fr\" dir=\"ltr\">Ga\u00ebtan Laborde, transf\u00e9r\u00e9 \u00e0 Diriyah Club. \ud835\udc74\ud835\udc86\ud835\udc93\ud835\udc84\ud835\udc8a \ud835\udc6e\ud835\udc82\ud835\udc86\ud835\udc95&rsquo; \u2764\ufe0f<\/p>\n<p>\u2014 OGC Nice (@ogcnice) <a target=\"_blank\" href=\"https:\/\/twitter.com\/ogcnice\/status\/1947348665980621017?ref_src=twsrc%5Etfw\" rel=\"nofollow noopener\">July 21, 2025<\/a><\/p><\/blockquote>\n<p><strong>Il \u00e9tait m\u00eame le meilleur buteur de Ligue 1 en activit\u00e9 dans le championnat depuis le d\u00e9part d\u2019Alexandre Lacazette (avec 88 pions).<\/strong> Il laisse donc Ludovic Ajorque s\u2019emparer de cette place plus symbolique qu\u2019autre chose (59 r\u00e9alisations), devant Amine Gouiri (57) et Arnaud Kalimuendo (53).<\/p>\n<p>La Ligue des talents qui ne restent pas tr\u00e8s longtemps.<\/p>\n<p>\t\t\t\t\t\t\t\t\t\t<a class=\"lien-connexe\" href=\"https:\/\/www.sofoot.com\/breves\/nice-affrontera-le-benfica-en-tour-preliminaire\" rel=\"nofollow noopener\" target=\"_blank\">Nice conna\u00eet son adversaire en tour pr\u00e9liminaire de C1&#8230; et ce n\u2019est pas un cadeau<\/a>\t\t\t\t\t<script async src=\"https:\/\/platform.twitter.com\/widgets.js\" charset=\"utf-8\"><\/script><\/p>\n","protected":false},"excerpt":{"rendered":"Une fine g\u00e2chette de moins. L\u2019OGC Nice a annonc\u00e9 ce lundi soir le d\u00e9part de Ga\u00ebtan Laborde, apr\u00e8s&hellip;\n","protected":false},"author":2,"featured_media":264595,"comment_status":"","ping_status":"","sticky":false,"template":"","format":"standard","meta":{"footnotes":""},"categories":[9],"tags":[47,61,69,65,64,63,1011,27,68,66,62,70,67,60],"class_list":{"0":"post-264594","1":"post","2":"type-post","3":"status-publish","4":"format-standard","5":"has-post-thumbnail","7":"category-sports","8":"tag-actualite","9":"tag-actus-football","10":"tag-bundesliga","11":"tag-championnats-europeens","12":"tag-equipe-de-france","13":"tag-football","14":"tag-fr","15":"tag-france","16":"tag-ligua","17":"tag-ligue-1","18":"tag-news-foot","19":"tag-premier-league","20":"tag-serie-a","21":"tag-sports"},"share_on_mastodon":{"url":"https:\/\/pubeurope.com\/@fr\/114894266917060893","error":""},"_links":{"self":[{"href":"https:\/\/www.europesays.com\/fr\/wp-json\/wp\/v2\/posts\/264594","targetHints":{"allow":["GET"]}}],"collection":[{"href":"https:\/\/www.europesays.com\/fr\/wp-json\/wp\/v2\/posts"}],"about":[{"href":"https:\/\/www.europesays.com\/fr\/wp-json\/wp\/v2\/types\/post"}],"author":[{"embeddable":true,"href":"https:\/\/www.europesays.com\/fr\/wp-json\/wp\/v2\/users\/2"}],"replies":[{"embeddable":true,"href":"https:\/\/www.europesays.com\/fr\/wp-json\/wp\/v2\/comments?post=264594"}],"version-history":[{"count":0,"href":"https:\/\/www.europesays.com\/fr\/wp-json\/wp\/v2\/posts\/264594\/revisions"}],"wp:featuredmedia":[{"embeddable":true,"href":"https:\/\/www.europesays.com\/fr\/wp-json\/wp\/v2\/media\/264595"}],"wp:attachment":[{"href":"https:\/\/www.europesays.com\/fr\/wp-json\/wp\/v2\/media?parent=264594"}],"wp:term":[{"taxonomy":"category","embeddable":true,"href":"https:\/\/www.europesays.com\/fr\/wp-json\/wp\/v2\/categories?post=264594"},{"taxonomy":"post_tag","embeddable":true,"href":"https:\/\/www.europesays.com\/fr\/wp-json\/wp\/v2\/tags?post=264594"}],"curies":[{"name":"wp","href":"https:\/\/api.w.org\/{rel}","templated":true}]}}