{"id":264596,"date":"2025-07-22T01:22:17","date_gmt":"2025-07-22T01:22:17","guid":{"rendered":"https:\/\/www.europesays.com\/fr\/264596\/"},"modified":"2025-07-22T01:22:17","modified_gmt":"2025-07-22T01:22:17","slug":"celine-hervieu-denonce-des-propos-manipules-par-la-fachosphere","status":"publish","type":"post","link":"https:\/\/www.europesays.com\/fr\/264596\/","title":{"rendered":"C\u00e9line Hervieu d\u00e9nonce des propos \u00ab\u00a0manipul\u00e9s\u00a0\u00bb par la fachosph\u00e8re"},"content":{"rendered":"<p>        <img decoding=\"async\" loading=\"lazy\" src=\"https:\/\/www.europesays.com\/fr\/wp-content\/uploads\/2025\/07\/cebc277_upload-1-n3cudptri7e5-afp-20250708-hl-bohier-2825399-v1-highres-francepoliticsnationalassemb.jpeg\"  width=\"728\" height=\"410\" alt=\"C\u00e9line Hervieu, d\u00e9put\u00e9e socialiste de Paris, photographi\u00e9e le 7 juillet \u00e0 l\u2019Assembl\u00e9e nationale (Photo by Bastien Ohier \/ Hans Lucas via AFP)\"\/>  <\/p>\n<p>BASTIEN OHIER \/ Hans Lucas via AFP<\/p>\n<p>C\u00e9line Hervieu, d\u00e9put\u00e9e socialiste de Paris, photographi\u00e9e le 7 juillet \u00e0 l\u2019Assembl\u00e9e nationale (Photo by Bastien Ohier \/ Hans Lucas via AFP)<\/p>\n<p class=\"asset asset-text\">POLITIQUE &#8211; C\u2019est l\u2019histoire d\u2019un projet d\u2019installation d\u2019une sup\u00e9rette qui a pris des proportions d\u00e9mesur\u00e9es. Comme Le HuffPost l<a href=\"https:\/\/www.huffingtonpost.fr\/france\/article\/l-installation-de-ce-carrefour-city-a-paris-prend-des-proportions-demesurees_252795.html\" target=\"_blank\" rel=\"noopener nofollow\" title=\"Nouvelle fen\u00eatre\">\u2019expliquait ce dimanche 20\u00a0juillet<\/a>, l\u2019ouverture d\u2019un Carrefour City dans le VIe arrondissement Paris a vir\u00e9 au psychodrame national. Au point que l\u2019article du <a href=\"https:\/\/www.lemonde.fr\/m-le-mag\/article\/2025\/07\/19\/a-paris-les-tres-chics-opposants-a-une-superette-pres-du-jardin-du-luxembourg_6622120_4500055.html\" target=\"_blank\" rel=\"noopener nofollow\" title=\"Nouvelle fen\u00eatre\">Monde<\/a> relatant l\u2019existence d\u2019une p\u00e9tition s\u2019\u00e9rigeant contre l\u2019implantation du magasin, et impliquant des personnalit\u00e9s connues comme Alain Souchon ou Catherine Frot, a fait l\u2019objet de plusieurs d\u00e9mentis.<\/p>\n<p class=\"asset asset-text\">\u00c9galement cit\u00e9e, la d\u00e9put\u00e9e socialiste de la circonscription, C\u00e9line Hervieu, a aussi \u00e9t\u00e9 prise dans la pol\u00e9mique. En cause, ses propos \u00e0 travers lesquels l\u2019\u00e9lue PS donne l\u2019impression d\u2019embrasser un combat bourgeois, r\u00e9tif \u00e0 l\u2019installation d\u2019une enseigne accus\u00e9e par ses d\u00e9tracteurs d\u2019importer \u00ab\u00a0de la racaille\u00a0\u00bb dans ce quartier cossu.<\/p>\n<p class=\"asset asset-text\">Les propos en question, les voici\u00a0: \u00ab\u00a0On en a ras le bol d\u2019une forme d\u2019uniformisation (&#8230;) Dans le VIe, on est diff\u00e9rent, on a envie de garder nos sp\u00e9cificit\u00e9s, l\u2019aspect culturel de Montparnasse, l\u2019acc\u00e8s au beau, une qualit\u00e9 de vie\u2026 Ne pas \u00eatre dans cette marche forc\u00e9e\u00a0\u00bb.\u00a0Une parlementaire de gauche pr\u00eate \u00e0 s\u2019aligner sur les int\u00e9r\u00eats d\u2019un club de priv\u00e9l\u00e9gi\u00e9s\u00a0vivant dans l\u2019un des endroits les plus chers et pr\u00e9serv\u00e9s de la capitale ? Il n\u2019en fallait par moins pour d\u00e9clencher une avalanche de r\u00e9actions outr\u00e9es sur le r\u00e9seau social X, o\u00f9 plusieurs comptes influents affili\u00e9s \u00e0 l\u2019extr\u00eame droite la pr\u00e9sentent comme l\u2019arch\u00e9type des \u00ab\u00a0bobos\u00a0\u00bb hypocrites et d\u00e9connect\u00e9s. Et, bien souvent, en saupoudrant ces attaques d\u2019un sexisme non dissimul\u00e9.<\/p>\n<p>    D\u00e9fense des commerces de proximit\u00e9    <\/p>\n<p class=\"asset asset-text\">Sollicit\u00e9e par Le HuffPost, C\u00e9line Hervieu regrette la proportion prise par cette histoire, et explique pourquoi elle soutient ladite p\u00e9tition. \u00ab\u00a0Mes propos ont \u00e9t\u00e9 sortis de leur contexte, mais sur le fond je suis et reste oppos\u00e9e \u00e0 l\u2019ouverture de ce nouveau supermarch\u00e9 dans un quartier qui en comprend d\u00e9j\u00e0 cinq dans les 200\u00a0m\u00e8tres alentours. Nous sommes fatigu\u00e9s de voir s\u2019installer ces supermarch\u00e9s uniformes et standardis\u00e9s partout\u00a0\u00bb, assure l\u2019\u00e9lue socialiste.<\/p>\n<p class=\"asset asset-text\">\u00ab\u00a0Carrefour est sur le point de s\u2019installer dans un immeuble remarquable construit par l\u2019architecte Henri Sauvage, c\u2019est un probl\u00e8me. Pour les gens de gauche comme de droite selon moi. Nous devons parfois \u00eatre capable de s\u2019opposer \u00e0 ces grands groupes qui prennent d\u00e9j\u00e0 beaucoup d\u2019espace dans nos villes. C\u2019est la d\u00e9fense de nos commerces de proximit\u00e9 qui est en jeu\u00a0\u00bb, poursuit C\u00e9line Hervieu, qui assure qu\u2019elle pourrait \u00ab\u00a0dire la m\u00eame chose de n\u2019importe quels village ou ville de France\u00a0\u00bb.<\/p>\n<p class=\"asset asset-text\">\u00ab\u00a0L\u2019extr\u00eame droite et la fachosph\u00e8re ont manipul\u00e9 mes propos, ce n\u2019est pas la premi\u00e8re ni la derni\u00e8re fois que je subis ce genre de raid abject sur les r\u00e9seaux sociaux malheureusement \u00bb, d\u00e9plore l\u2019\u00e9lue parisienne, qui fait un lien entre la virulence de ces attaques et les \u00e9lections \u00e0 venir dans la capitale. La d\u00e9put\u00e9e regrette \u00e9galement d\u2019avoir \u00e9t\u00e9 \u00ab\u00a0associ\u00e9e aux autres verbatims horribles de l\u2019article\u00a0\u00bb, qui transpirent le m\u00e9pris social. Condamnant \u00ab\u00a0fermement\u00a0\u00bb ces propos, elle assure que ceux-ci \u00ab\u00a0ne refl\u00e8tent en rien la pens\u00e9e des initiateurs de cette p\u00e9tition et mobilisation\u00a0\u00bb.<\/p>\n","protected":false},"excerpt":{"rendered":"BASTIEN OHIER \/ Hans Lucas via AFP C\u00e9line Hervieu, d\u00e9put\u00e9e socialiste de Paris, photographi\u00e9e le 7 juillet \u00e0&hellip;\n","protected":false},"author":2,"featured_media":264597,"comment_status":"","ping_status":"","sticky":false,"template":"","format":"standard","meta":{"footnotes":""},"categories":[8],"tags":[416,4304,58,59,1011,27,626,4484,316],"class_list":{"0":"post-264596","1":"post","2":"type-post","3":"status-publish","4":"format-standard","5":"has-post-thumbnail","7":"category-divertissement","8":"tag-assemblee-nationale","9":"tag-carrefour","10":"tag-divertissement","11":"tag-entertainment","12":"tag-fr","13":"tag-france","14":"tag-paris","15":"tag-parti-socialiste-ps","16":"tag-politique"},"share_on_mastodon":{"url":"https:\/\/pubeurope.com\/@fr\/114894270918872308","error":""},"_links":{"self":[{"href":"https:\/\/www.europesays.com\/fr\/wp-json\/wp\/v2\/posts\/264596","targetHints":{"allow":["GET"]}}],"collection":[{"href":"https:\/\/www.europesays.com\/fr\/wp-json\/wp\/v2\/posts"}],"about":[{"href":"https:\/\/www.europesays.com\/fr\/wp-json\/wp\/v2\/types\/post"}],"author":[{"embeddable":true,"href":"https:\/\/www.europesays.com\/fr\/wp-json\/wp\/v2\/users\/2"}],"replies":[{"embeddable":true,"href":"https:\/\/www.europesays.com\/fr\/wp-json\/wp\/v2\/comments?post=264596"}],"version-history":[{"count":0,"href":"https:\/\/www.europesays.com\/fr\/wp-json\/wp\/v2\/posts\/264596\/revisions"}],"wp:featuredmedia":[{"embeddable":true,"href":"https:\/\/www.europesays.com\/fr\/wp-json\/wp\/v2\/media\/264597"}],"wp:attachment":[{"href":"https:\/\/www.europesays.com\/fr\/wp-json\/wp\/v2\/media?parent=264596"}],"wp:term":[{"taxonomy":"category","embeddable":true,"href":"https:\/\/www.europesays.com\/fr\/wp-json\/wp\/v2\/categories?post=264596"},{"taxonomy":"post_tag","embeddable":true,"href":"https:\/\/www.europesays.com\/fr\/wp-json\/wp\/v2\/tags?post=264596"}],"curies":[{"name":"wp","href":"https:\/\/api.w.org\/{rel}","templated":true}]}}