{"id":264598,"date":"2025-07-22T01:23:32","date_gmt":"2025-07-22T01:23:32","guid":{"rendered":"https:\/\/www.europesays.com\/fr\/264598\/"},"modified":"2025-07-22T01:23:32","modified_gmt":"2025-07-22T01:23:32","slug":"voici-ce-que-lon-apprend","status":"publish","type":"post","link":"https:\/\/www.europesays.com\/fr\/264598\/","title":{"rendered":"voici ce que l&rsquo;on apprend"},"content":{"rendered":"<p>Google prend les devants ! Plut\u00f4t que de subir les fuites habituelles, la firme de Mountain View r\u00e9v\u00e8le officiellement le design du Pixel 10\u2026 ou du Pixel 10 Pro ?<\/p>\n<p><a target=\"_blank\" href=\"https:\/\/images.frandroid.com\/wp-content\/uploads\/2025\/07\/image-62.png\" class=\"article-content__figure\" rel=\"noopener\"><img fetchpriority=\"high\" decoding=\"async\" loading=\"eager\" width=\"750\" height=\"501\" src=\"https:\/\/www.europesays.com\/fr\/wp-content\/uploads\/2025\/07\/image-62.png\" alt=\"\" class=\"wp-image-2740347 wp-image wp-image\"  \/><\/a>Cr\u00e9dits : Google<\/p>\n<p>Google en a marre des fuites ! Plut\u00f4t que de subir les leaks habituels, la firme de Mountain View a d\u00e9cid\u00e9 de prendre les devants en r\u00e9v\u00e9lant officiellement le design du Pixel 10\u2026 \u00e0 moins qu\u2019il s\u2019agisse du Pixel 10 Pro ?! Le doute subsiste.<\/p>\n<p>Cette strat\u00e9gie n\u2019est pas nouvelle chez Google. Il y a presque un an jour pour jour, l\u2019entreprise d\u00e9voilait d\u00e9j\u00e0 le design du <a href=\"https:\/\/www.frandroid.com\/marques\/google\/2331166_test-google-pixel-9-pro-cette-version-compacte-a-un-defaut-genant\" target=\"_blank\" rel=\"noopener\">Pixel 9 Pro<\/a> avant de partager tous les d\u00e9tails quelques semaines plus tard. <\/p>\n<p>                <img decoding=\"async\" width=\"1200\" height=\"446\" loading=\"lazy\" alt=\"Box Fnac Samsung Galaxy Book Maxime V2\" title=\"Box Fnac Samsung Galaxy Book Maxime V2\" class=\"is-radiusless placeholder-default wp-image\" src=\"https:\/\/www.europesays.com\/fr\/wp-content\/uploads\/2025\/07\/box-fnac-samsung-galaxy-book-maxime-v2-1200x446.png\" \/>            <\/p>\n<p>\n                    -200 \u20ac sur le Samsung Galaxy Book3 360                <\/p>\n<p class=\"has-text-weight-medium is-size-6 is-line-height-normal\">\n                    Passez au 2-en-1 tactile ultra polyvalent : le Samsung Galaxy Book3 360 et son \u00e9cran AMOLED avec S Pen inclus tombe \u00e0 799,99\u202f\u20ac chez Fnac.                <\/p>\n<p><video controls=\"\" src=\"https:\/\/images.frandroid.com\/wp-content\/uploads\/2025\/07\/91d602a5-ec74-4dbf-889b-f352bef1a6ef.mp4\"\/><\/p>\n<p>Un mois avant <a href=\"https:\/\/www.frandroid.com\/marques\/google\/2735727_google-pixel-10-voici-la-date-officielle-et-confirmee-de-la-presentation#:~:text=Google%20envoie%20des%20invitations%20pour,et%20la%20Pixel%20Watch%204.&amp;text=On%20le%20savait%20d%C3%A9j%C3%A0%20par,10%20(mais%20pas%20que).\" target=\"_blank\" rel=\"noopener\">l\u2019\u00e9v\u00e9nement de lancement pr\u00e9vu le 20 ao\u00fbt<\/a>, Google nous montre exactement \u00e0 quoi ressemble un de ses nouveaux smartphones. Strat\u00e9gie anti-fuites efficace ou coup de commucation bien orchestr\u00e9 ? En tout cas, il semble que l\u2019on d\u00e9couvre ici le <a href=\"https:\/\/www.frandroid.com\/marques\/google\/2599623_pixel-10-10-pro-10-pro-xl-10-pro-fold-tout-de-que-lon-sait-sur-la-gamme-2025-de-google\" target=\"_blank\" rel=\"noopener\">Pixel 10<\/a> avec un troisi\u00e8me capteur photo et une couleur bleu gris\u00e2tre. A moins qu\u2019il s\u2019agisse du Pixel 10 Pro\u2026<\/p>\n<p>Une troisi\u00e8me cam\u00e9ra sur le Pixel 10 ?<\/p>\n<p>La grande nouveaut\u00e9 visible, cela serait donc cette troisi\u00e8me cam\u00e9ra \u00e0 l\u2019arri\u00e8re du suppos\u00e9 Pixel 10. Les rumeurs \u00e9voquaient un t\u00e9l\u00e9objectif, ce qui donnerait enfin au Pixel standard une configuration photo plus costaud. Fini le temps o\u00f9 seuls les mod\u00e8les Pro avaient droit au zoom optique.<\/p>\n<p>La barre photo reste fid\u00e8le au design Pixel, mais s\u2019\u00e9toffe avec ce nouveau module. Google garde son identit\u00e9 visuelle tout en \u00e9voluant techniquement. <\/p>\n<p>Pixel 10 Pro : le retour du capteur de temp\u00e9rature ?<\/p>\n<p>D\u2019apr\u00e8s d\u2019autres observateurs, la vid\u00e9o teaser montrerait plut\u00f4t <a href=\"https:\/\/www.frandroid.com\/marques\/google\/2599623_pixel-10-10-pro-10-pro-xl-10-pro-fold-tout-de-que-lon-sait-sur-la-gamme-2025-de-google\" target=\"_blank\" rel=\"noopener\">un Pixel 10 Pro ou Pro XL<\/a>. L\u2019indice ? La pr\u00e9sence du capteur de temp\u00e9rature sur la barre photo, en plus du flash classique. Une fonction originale que Google avait introduite puis abandonn\u00e9e.<\/p>\n<p>Ce capteur de temp\u00e9rature avait fait d\u00e9bat lors de son introduction. Gadget inutile pour certains, innovation utile pour d\u2019autres, il semblerait faire son grand retour sur les mod\u00e8les haut de gamme. Google mise-t-il sur des fonctions sant\u00e9 et bien-\u00eatre pour se diff\u00e9rencier ?<\/p>\n<p class=\"shortcode-container see-more\">\n    Pour aller plus loin<br \/><a href=\"https:\/\/www.frandroid.com\/marques\/google\/2599623_pixel-10-10-pro-10-pro-xl-10-pro-fold-tout-de-que-lon-sait-sur-la-gamme-2025-de-google\" target=\"_blank\" rel=\"noopener\">Pixel 10, 10 Pro, 10 Pro XL, 10 Pro Fold : tout de que l\u2019on sait sur la gamme 2025 de Google<\/a>\n            <\/p>\n","protected":false},"excerpt":{"rendered":"Google prend les devants ! Plut\u00f4t que de subir les fuites habituelles, la firme de Mountain View r\u00e9v\u00e8le&hellip;\n","protected":false},"author":2,"featured_media":264599,"comment_status":"","ping_status":"","sticky":false,"template":"","format":"standard","meta":{"footnotes":""},"categories":[7],"tags":[270,1011,27,6707,6708,43,40,41,39,42,44],"class_list":{"0":"post-264598","1":"post","2":"type-post","3":"status-publish","4":"format-standard","5":"has-post-thumbnail","7":"category-sciences-et-technologies","8":"tag-breaking","9":"tag-fr","10":"tag-france","11":"tag-google-pixel-10","12":"tag-google-pixel-10-pro","13":"tag-science","14":"tag-science-and-technology","15":"tag-sciences","16":"tag-sciences-et-technologies","17":"tag-technologies","18":"tag-technology"},"share_on_mastodon":{"url":"https:\/\/pubeurope.com\/@fr\/114894274789773967","error":""},"_links":{"self":[{"href":"https:\/\/www.europesays.com\/fr\/wp-json\/wp\/v2\/posts\/264598","targetHints":{"allow":["GET"]}}],"collection":[{"href":"https:\/\/www.europesays.com\/fr\/wp-json\/wp\/v2\/posts"}],"about":[{"href":"https:\/\/www.europesays.com\/fr\/wp-json\/wp\/v2\/types\/post"}],"author":[{"embeddable":true,"href":"https:\/\/www.europesays.com\/fr\/wp-json\/wp\/v2\/users\/2"}],"replies":[{"embeddable":true,"href":"https:\/\/www.europesays.com\/fr\/wp-json\/wp\/v2\/comments?post=264598"}],"version-history":[{"count":0,"href":"https:\/\/www.europesays.com\/fr\/wp-json\/wp\/v2\/posts\/264598\/revisions"}],"wp:featuredmedia":[{"embeddable":true,"href":"https:\/\/www.europesays.com\/fr\/wp-json\/wp\/v2\/media\/264599"}],"wp:attachment":[{"href":"https:\/\/www.europesays.com\/fr\/wp-json\/wp\/v2\/media?parent=264598"}],"wp:term":[{"taxonomy":"category","embeddable":true,"href":"https:\/\/www.europesays.com\/fr\/wp-json\/wp\/v2\/categories?post=264598"},{"taxonomy":"post_tag","embeddable":true,"href":"https:\/\/www.europesays.com\/fr\/wp-json\/wp\/v2\/tags?post=264598"}],"curies":[{"name":"wp","href":"https:\/\/api.w.org\/{rel}","templated":true}]}}