{"id":264618,"date":"2025-07-22T01:47:55","date_gmt":"2025-07-22T01:47:55","guid":{"rendered":"https:\/\/www.europesays.com\/fr\/264618\/"},"modified":"2025-07-22T01:47:55","modified_gmt":"2025-07-22T01:47:55","slug":"16e-etape-entre-montpellier-et-le-mont-ventoux-mardi-22-juillet","status":"publish","type":"post","link":"https:\/\/www.europesays.com\/fr\/264618\/","title":{"rendered":"16e \u00e9tape entre Montpellier et le Mont Ventoux mardi 22 juillet"},"content":{"rendered":"<p class=\"article-p mdl\">La configuration g\u00e9ographique insolite du G\u00e9ant de Provence le place souvent comme unique difficult\u00e9 de la journ\u00e9e selon Christian Prudhomme. Apr\u00e8s avoir travers\u00e9 l\u2019H\u00e9rault, le Gard et le Vaucluse, il ne restera qu\u2019une seule route pour une explication qui peut virer \u00e0 la d\u00e9monstration. Entre le village de B\u00e9doin et l\u2019observatoire qui surplombe la ligne d\u2019arriv\u00e9e, il y a 15,7\u00a0km \u00e0 escalader \u00e0 8,7% de pente moyenne\u2026 et des options pour attaquer \u00e0 tous les \u00e9tages.\u00a0<\/p>\n<p class=\"article-p mdl\">Les cyclistes sont \u00e0 Montpellier (ville \u00e9tape pour la 33e fois) ce lundi 21 juillet, pour se reposer. G\u00e9n\u00e9ralement d\u00e9sign\u00e9e depuis 1930 pour ponctuer une \u00e9tape de transition entre les Alpes et les Pyr\u00e9n\u00e9es, <strong>Montpellier a le plus souvent fait le bonheur des sprinteurs<\/strong>, sacrant des coureurs comme\u00a0<a class=\"link\" href=\"https:\/\/www.rtl.fr\/sport\/autres-sports\/tour-de-france-andre-darrigade-le-sprinteur-que-l-on-voyait-tout-le-temps-christian-laborde-7798038498\" target=\"_blank\" rel=\"noopener\">Andr\u00e9 Darrigade<\/a>, Olaf Ludwig, Robbie McEwen,<a class=\"link\" href=\"https:\/\/www.rtl.fr\/sujet\/mark-cavendish\" target=\"_blank\" rel=\"noopener\"> Mark Cavendish\u00a0<\/a>ou en 2013\u00a0<a class=\"link\" href=\"https:\/\/www.rtl.fr\/sport\/autres-sports\/giro-2016-greipel-plus-fort-que-demare-et-la-meute-lors-de-la-5e-etape-7783186994\" target=\"_blank\" rel=\"noopener\">Andr\u00e9 Greipel<\/a>. Ce n\u2019est pourtant pas une fatalit\u00e9, particuli\u00e8rement lorsque le vent ou la chaleur s\u2019en m\u00ealent. <strong>En 1951, une \u00e9tape similaire entre Carcassonne et Montpellier avait vu Fausto Coppi subir une lourde d\u00e9faillance<\/strong> sous la\u00a0<a class=\"link\" href=\"https:\/\/www.rtl.fr\/actu\/debats-societe\/canicule-en-france-la-consommation-d-electricite-en-nette-augmentation-en-2025-7900522120\" target=\"_blank\" rel=\"noopener\">canicule<\/a>. Malade, livide, le\u00a0campionissimo, flanqu\u00e9 de six \u00e9quipiers, avait atteint la pr\u00e9fecture de l\u2019H\u00e9rault avec 33 minutes de retard sur le vainqueur du jour, Hugo Koblet.<\/p>\n<p class=\"article-p mdl\">Le d\u00e9part fictif est \u00e0 <strong>12h10<\/strong>, d\u00e9part r\u00e9el \u00e0 <strong>12h40<\/strong>. L&rsquo;arriv\u00e9e est pr\u00e9vue entre <strong>16h44 et 17h12.<\/strong>\u00a0<\/p>\n<p>                <img decoding=\"async\" alt=\"\" class=\"media-item lazy\" src=\"https:\/\/www.europesays.com\/fr\/wp-content\/uploads\/2025\/07\/1770402-profil-de-la-16e-etape-du-tour-de-france.jpg\"\/><\/p>\n<p>\n            Profil de la 16e \u00e9tape du Tour de France<\/p>\n<p>\n            Cr\u00e9dit : Tour de France<\/p>\n<p>    La r\u00e9daction vous recommande<\/p>\n<p class=\"s-newsletter__title\">\n                L\u2019actualit\u00e9 par la r\u00e9daction de RTL dans votre bo\u00eete mail.\n            <\/p>\n<p class=\"s-newsletter__subtitle\">\n                Gr\u00e2ce \u00e0 votre compte RTL abonnez-vous \u00e0 la newsletter RTL info pour suivre toute l&rsquo;actualit\u00e9 au quotidien\n            <\/p>\n<p>\n                                    Lire la suite\n                                <\/p>\n","protected":false},"excerpt":{"rendered":"La configuration g\u00e9ographique insolite du G\u00e9ant de Provence le place souvent comme unique difficult\u00e9 de la journ\u00e9e selon&hellip;\n","protected":false},"author":2,"featured_media":264619,"comment_status":"","ping_status":"","sticky":false,"template":"","format":"standard","meta":{"footnotes":""},"categories":[9599],"tags":[1111,11,3062,207,1777,674,107,2619,1011,27,2208,12,2680,25,210],"class_list":{"0":"post-264618","1":"post","2":"type-post","3":"status-publish","4":"format-standard","5":"has-post-thumbnail","7":"category-montpellier","8":"tag-actu","9":"tag-actualites","10":"tag-autres-sports","11":"tag-cyclisme","12":"tag-eu","13":"tag-europe","14":"tag-fil-info","15":"tag-fil-sport","16":"tag-fr","17":"tag-france","18":"tag-montpellier","19":"tag-news","20":"tag-occitanie","21":"tag-republique-francaise","22":"tag-tour-de-france"},"share_on_mastodon":{"url":"https:\/\/pubeurope.com\/@fr\/114894373102402371","error":""},"_links":{"self":[{"href":"https:\/\/www.europesays.com\/fr\/wp-json\/wp\/v2\/posts\/264618","targetHints":{"allow":["GET"]}}],"collection":[{"href":"https:\/\/www.europesays.com\/fr\/wp-json\/wp\/v2\/posts"}],"about":[{"href":"https:\/\/www.europesays.com\/fr\/wp-json\/wp\/v2\/types\/post"}],"author":[{"embeddable":true,"href":"https:\/\/www.europesays.com\/fr\/wp-json\/wp\/v2\/users\/2"}],"replies":[{"embeddable":true,"href":"https:\/\/www.europesays.com\/fr\/wp-json\/wp\/v2\/comments?post=264618"}],"version-history":[{"count":0,"href":"https:\/\/www.europesays.com\/fr\/wp-json\/wp\/v2\/posts\/264618\/revisions"}],"wp:featuredmedia":[{"embeddable":true,"href":"https:\/\/www.europesays.com\/fr\/wp-json\/wp\/v2\/media\/264619"}],"wp:attachment":[{"href":"https:\/\/www.europesays.com\/fr\/wp-json\/wp\/v2\/media?parent=264618"}],"wp:term":[{"taxonomy":"category","embeddable":true,"href":"https:\/\/www.europesays.com\/fr\/wp-json\/wp\/v2\/categories?post=264618"},{"taxonomy":"post_tag","embeddable":true,"href":"https:\/\/www.europesays.com\/fr\/wp-json\/wp\/v2\/tags?post=264618"}],"curies":[{"name":"wp","href":"https:\/\/api.w.org\/{rel}","templated":true}]}}