{"id":264626,"date":"2025-07-22T02:03:15","date_gmt":"2025-07-22T02:03:15","guid":{"rendered":"https:\/\/www.europesays.com\/fr\/264626\/"},"modified":"2025-07-22T02:03:15","modified_gmt":"2025-07-22T02:03:15","slug":"samedi-la-grande-braderie-est-de-retour-a-strasbourg","status":"publish","type":"post","link":"https:\/\/www.europesays.com\/fr\/264626\/","title":{"rendered":"samedi, la Grande Braderie est de retour \u00e0 Strasbourg !"},"content":{"rendered":"<p>    <img loading=\"lazy\" width=\"1800\" height=\"900\" src=\"https:\/\/www.europesays.com\/fr\/wp-content\/uploads\/2025\/04\/jeanne-callthepolice.jpg\" class=\"attachment-full size-full\" alt=\"\" id=\"imageLove\" decoding=\"async\"  \/><\/p>\n<p id=\"breadcrumbs\"><a href=\"https:\/\/pokaa.fr\/\" rel=\"nofollow noopener\" target=\"_blank\">Accueil<\/a> \/ <a href=\"https:\/\/pokaa.fr\/categories\/ses-sorties\/\" rel=\"nofollow noopener\" target=\"_blank\">Sorties<\/a> \/ Jolis prix et 2 brocantes : samedi, la Grande Braderie est de retour \u00e0 Strasbourg !<\/p>\n<p>                    Sorties<\/p>\n<p><b>Les juillettistes l\u2019ignorent peut-\u00eatre, \u00e0 quitter la ville ce mois-ci, mais comme chaque ann\u00e9e, la Grande Braderie de Strasbourg est de retour ! Le samedi 26, le centre-ville se transformera en une \u00ab\u00a0galerie marchande \u00e0 ciel ouvert\u00a0\u00bb. Outre les bonnes affaires\u00a0: quelques infos \u00e0 conna\u00eetre avant de se lancer dans la foule.<\/b><\/p>\n<p>\u00ab\u00a0Des rues enti\u00e8res transform\u00e9es en <b>galerie marchande \u00e0 ciel ouvert<\/b>, des <b>prix cass\u00e9s<\/b>, une ambiance chaleureuse et populaire. \u00bb Voil\u00e0 un bon r\u00e9sum\u00e9 de ce qui attend Strasbourg\u00a0<b>le samedi 26 juillet, avec le retour de sa Grande Braderie annuelle, de 7h30 \u00e0 19h<\/b>.<\/p>\n<p>Affiches de cin\u00e9ma, jeux de soci\u00e9t\u00e9, produits de beaut\u00e9, chaussures et fringues brad\u00e9es\u2026 <b>Toute la journ\u00e9e, les commerces fixes de Strasbourg<\/b> sortiront leurs \u00e9tals devant leur enseigne, avec \u00ab\u00a0des promotions exclusives et des produits de saison \u00e0 petits prix\u00a0\u00bb.<\/p>\n<p>    <img width=\"450\" height=\"600\" src=\"https:\/\/www.europesays.com\/fr\/wp-content\/uploads\/2025\/07\/297704087-3350290485190747-7315028550693316081-n-450x600.jpg\" class=\"attachment-image-size-M size-image-size-M\" alt=\"Grande Braderie Vitrines de Strasbourg\" decoding=\"async\" loading=\"lazy\"  \/>         \u00a9 Vitrines de Strasbourg \/ Document remis <\/p>\n<p><b>Les marchand(e)s non s\u00e9dentaires<\/b>, quant \u00e0 eux\/elles, prendront leurs quartiers <b>dans les principales art\u00e8res du centre-ville<\/b> : rues des Grandes-Arcades, du Vieux-March\u00e9-aux-Poissons, du Vieux-March\u00e9-aux-Vins, de la Haute-Mont\u00e9e, des Francs-Bourgeois, de la Division-Leclerc, du 22-Novembre, des Tanneurs et Grand\u2019Rue.<\/p>\n<p>Plut\u00f4t adepte du <b>vintage<\/b> et de <b>la seconde main<\/b>\u00a0? Bonne nouvelle\u00a0: <b>deux brocantes <\/b>seront organis\u00e9es en parall\u00e8le de la Grande Braderie, avec <b>les vide-greniers des places Saint-Thomas et Broglie.<\/b><\/p>\n<p>                <img width=\"667\" height=\"500\" src=\"https:\/\/www.europesays.com\/fr\/wp-content\/uploads\/2025\/07\/img-9101-667x500.jpeg\" class=\"attachment-gallery size-gallery\" alt=\"Brocante krutenau\" data-full-url=\"https:\/\/pokaa.fr\/wp-content\/uploads\/2025\/06\/16\/img-9101.jpeg\" decoding=\"async\" loading=\"lazy\"  \/>            <\/p>\n<p>                <img width=\"667\" height=\"500\" src=\"https:\/\/www.europesays.com\/fr\/wp-content\/uploads\/2025\/07\/brocante-binchstub3.jpg\" class=\"attachment-gallery size-gallery\" alt=\"Brocante binchstub3\" data-full-url=\"https:\/\/www.europesays.com\/fr\/wp-content\/uploads\/2025\/07\/brocante-binchstub3.jpg\" decoding=\"async\" loading=\"lazy\"  \/>            <\/p>\n<p>                    1. \u00a9 Anthony Jilli \/ Pokaa ; 2. \u00a9\u00a0Pokaa<\/p>\n<p>Quelques informations sur la circulation<\/p>\n<p>Avec la Grande Braderie qui s\u2019\u00e9tendra dans tout le centre-ville, <b>la circulation s\u2019en verra \u00e9videmment bouscul\u00e9e<\/b>. Si l\u2019on vous conseille d\u2019accrocher votre v\u00e9lo en marge de l\u2019\u00e9v\u00e9nement, plut\u00f4t que de s\u2019engouffrer avec dans la ville, <b>quelques perturbations sont \u00e9galement \u00e0 noter pour les usagers\/\u00e8res du r\u00e9seau tram<\/b>.<\/p>\n<p><b>Les stations \u00ab \u00c9toile Bourse \u00bb, \u00ab Porte de l\u2019H\u00f4pital \u00bb, \u00ab Langstross Grand\u2019Rue \u00bb et \u00ab Homme de Fer \u00bb ne seront pas desservies<\/b> durant la Grande Braderie. Le tram A sera interrompu entre les arr\u00eats \u00ab Ancienne Synagogue Les Halles \u00bb et \u00ab Schluthfeld \u00bb ; et le tram D, entre \u00ab Ancienne Synagogue Les Halles \u00bb et \u00ab \u00c9toile Polygone \u00bb.<\/p>\n<p>    <img width=\"800\" height=\"533\" src=\"https:\/\/www.europesays.com\/fr\/wp-content\/uploads\/2025\/07\/dsc-0692-800x533.jpg\" class=\"attachment-image-size-L size-image-size-L\" alt=\"Tram Blutch 1 CTS\" decoding=\"async\" loading=\"lazy\"  \/>         \u00a9 Alice Kiefer \/ Pokaa <\/p>\n<p><b>Pour les automobilistes, les organisateurs\/rices conseillent les parkings-relais (P+R), qui sont gratuits tous les samedis<\/b> (jusqu\u2019au 15 novembre), \u00ab\u00a0sur pr\u00e9sentation d\u2019un justificatif d\u2019achat d\u2019au moins 20\u20ac effectu\u00e9 le jour m\u00eame\u00a0\u00bb.<\/p>\n<p>                <img width=\"375\" height=\"500\" src=\"https:\/\/www.europesays.com\/fr\/wp-content\/uploads\/2025\/07\/img-0133-copie-2-375x500.jpg\" class=\"attachment-gallery size-gallery\" alt=\"parking relais homme de fer\" data-full-url=\"https:\/\/pokaa.fr\/wp-content\/uploads\/2023\/06\/img-0133-copie-2.jpg\" decoding=\"async\" loading=\"lazy\"  \/>            <\/p>\n<p>                <img width=\"375\" height=\"500\" src=\"https:\/\/www.europesays.com\/fr\/wp-content\/uploads\/2025\/07\/img-0128-copie-2-375x500.jpg\" class=\"attachment-gallery size-gallery\" alt=\"IMG_0128 \u2013 copie 2\" data-full-url=\"https:\/\/pokaa.fr\/wp-content\/uploads\/2023\/06\/img-0128-copie-2.jpg\" decoding=\"async\" loading=\"lazy\"  \/>            <\/p>\n<p>                    \u00a9 Coraline Lafon \/ Pokaa<\/p>\n<p>Pour y pr\u00e9tendre, pensez \u00e0 conserver vos tickets et \u00e0 les pr\u00e9senter \u00e0 l\u2019un des trois points de retrait de contremarque (aux Halles, aux Galeries Lafayette, ou \u00e0 l\u2019Office de Tourisme). Une fois la contremarque obtenue, \u00ab\u00a0tous les passagers du v\u00e9hicule profitent de la <b>gratuit\u00e9 du parking et du tram<\/b> \u00bb.<\/p>\n<p><strong>Qui partira \u00e0 la chasse aux bonnes affaires ? Dites-nous en commentaires !<\/strong><\/p>\n<p>            Grande Braderie de Strasbourg<\/p>\n<p>            Quoi ? <\/p>\n<p>Braderie et brocantes<\/p>\n<p>                Quand ?<\/p>\n<p>Samedi 26 juillet, de 7h30 \u00e0 19h<\/p>\n<p>            o\u00f9 ?<\/p>\n<p>Dans le centre-ville de Strasbourg<\/p>\n<p>                Plus d&rsquo;infos ?<\/p>\n<p><a href=\"https:\/\/vitrines-strasbourg.com\/actualites\/retour-de-la-grande-braderie-de-strasbourg\/\" target=\"_blank\" rel=\"noopener nofollow\">+ d\u2019infos<\/a><\/p>\n","protected":false},"excerpt":{"rendered":"Accueil \/ Sorties \/ Jolis prix et 2 brocantes : samedi, la Grande Braderie est de retour \u00e0&hellip;\n","protected":false},"author":2,"featured_media":264627,"comment_status":"","ping_status":"","sticky":false,"template":"","format":"standard","meta":{"footnotes":""},"categories":[2820],"tags":[1111,11,17804,6961,11898,29220,2883,1777,674,1011,27,775,12,40414,25,6720,11772,640,2221,12308,4064],"class_list":{"0":"post-264626","1":"post","2":"type-post","3":"status-publish","4":"format-standard","5":"has-post-thumbnail","7":"category-strasbourg","8":"tag-actu","9":"tag-actualites","10":"tag-braderie","11":"tag-brocante","12":"tag-centre-ville","13":"tag-cts","14":"tag-ete","15":"tag-eu","16":"tag-europe","17":"tag-fr","18":"tag-france","19":"tag-grand-est","20":"tag-news","21":"tag-parking-relais","22":"tag-republique-francaise","23":"tag-shopping","24":"tag-soldes","25":"tag-strasbourg","26":"tag-tram","27":"tag-vide-grenier","28":"tag-week-end"},"share_on_mastodon":{"url":"https:\/\/pubeurope.com\/@fr\/114894432181817064","error":""},"_links":{"self":[{"href":"https:\/\/www.europesays.com\/fr\/wp-json\/wp\/v2\/posts\/264626","targetHints":{"allow":["GET"]}}],"collection":[{"href":"https:\/\/www.europesays.com\/fr\/wp-json\/wp\/v2\/posts"}],"about":[{"href":"https:\/\/www.europesays.com\/fr\/wp-json\/wp\/v2\/types\/post"}],"author":[{"embeddable":true,"href":"https:\/\/www.europesays.com\/fr\/wp-json\/wp\/v2\/users\/2"}],"replies":[{"embeddable":true,"href":"https:\/\/www.europesays.com\/fr\/wp-json\/wp\/v2\/comments?post=264626"}],"version-history":[{"count":0,"href":"https:\/\/www.europesays.com\/fr\/wp-json\/wp\/v2\/posts\/264626\/revisions"}],"wp:featuredmedia":[{"embeddable":true,"href":"https:\/\/www.europesays.com\/fr\/wp-json\/wp\/v2\/media\/264627"}],"wp:attachment":[{"href":"https:\/\/www.europesays.com\/fr\/wp-json\/wp\/v2\/media?parent=264626"}],"wp:term":[{"taxonomy":"category","embeddable":true,"href":"https:\/\/www.europesays.com\/fr\/wp-json\/wp\/v2\/categories?post=264626"},{"taxonomy":"post_tag","embeddable":true,"href":"https:\/\/www.europesays.com\/fr\/wp-json\/wp\/v2\/tags?post=264626"}],"curies":[{"name":"wp","href":"https:\/\/api.w.org\/{rel}","templated":true}]}}