{"id":264628,"date":"2025-07-22T02:05:33","date_gmt":"2025-07-22T02:05:33","guid":{"rendered":"https:\/\/www.europesays.com\/fr\/264628\/"},"modified":"2025-07-22T02:05:33","modified_gmt":"2025-07-22T02:05:33","slug":"une-personne-meurt-percutee-par-un-train-de-marchandises","status":"publish","type":"post","link":"https:\/\/www.europesays.com\/fr\/264628\/","title":{"rendered":"une personne meurt percut\u00e9e par un train de marchandises"},"content":{"rendered":"<p>            Par<br \/>\n        <strong><br \/>\n            <a href=\"https:\/\/actu.fr\/auteur\/olivia-kouassi\" title=\"Consulter tous les articles de Olivia Kouassi\" target=\"_blank\" rel=\"noopener\">Olivia Kouassi<\/a><br \/>\n        <\/strong><\/p>\n<p>        Publi\u00e9 le<\/p>\n<p>            21 juil. 2025 \u00e0 18h51        <\/p>\n<p>Les faits se sont d\u00e9roul\u00e9s aux alentours de 16h ce lundi 21\u00a0juillet dans l\u2019ouest de <a href=\"https:\/\/actu.fr\/strasbourg\/\" target=\"_blank\" rel=\"noopener\">Strasbourg <\/a>(Bas-Rhin).<\/p>\n<p class=\" wall-content\"><strong>Une personne est morte percut\u00e9e par un train<\/strong> de fret avenue Racine, dans le quartier de Hautepierre. Son \u00e2ge et son genre n\u2019ont pas \u00e9t\u00e9 communiqu\u00e9s.<\/p>\n<p>La victime d\u00e9clar\u00e9e d\u00e9c\u00e9d\u00e9e apr\u00e8s l\u2019arriv\u00e9e des secours<\/p>\n<p class=\" wall-content\">Malgr\u00e9 l\u2019intervention de plus d\u2019une dizaine de secouristes et de <a href=\"https:\/\/actu.fr\/tag\/pompiers\" target=\"_blank\" rel=\"noopener\">sapeurs-pompiers<\/a>, la <strong>victime a \u00e9t\u00e9 d\u00e9clar\u00e9e d\u00e9c\u00e9d\u00e9e \u00e0 la suite du choc<\/strong>.<\/p>\n<p class=\" wall-content\">Le drame s\u2019est produit sur une<strong> ligne de train d\u00e9di\u00e9e \u00e0 la circulation des frets<\/strong>. Pour le moment, les circonstances du drame demeurent inconnues.<\/p>\n<p>Pas d\u2019impact sur les voyageurs de la SNCF<\/p>\n<p class=\" wall-content\">Le trafic des trains de marchandises a \u00e9t\u00e9 compl\u00e8tement <strong>interrompu<\/strong> et les trains ont \u00e9t\u00e9 d\u00e9rout\u00e9s.<\/p>\n<p>Vid\u00e9os : en ce moment sur Actu<\/p>\n<p class=\" wall-content\">Cette interruption n\u2019a pas eu d\u2019impact sur la circulation des trains qui accueillent des voyageurs, pr\u00e9cise la <a href=\"https:\/\/actu.fr\/tag\/sncf\" target=\"_blank\" rel=\"noopener\">SNCF<\/a>.<\/p>\n<p class=\" wall-content\">Suivez toute l\u2019actualit\u00e9 de vos villes et m\u00e9dias favoris en vous inscrivant \u00e0 <a href=\"https:\/\/moncompte.actu.fr\" title=\"D\u00e9couvez Mon Actu\" rel=\"nofollow noopener\" data-trk=\"{&quot;cta&quot;:{&quot;action&quot;:&quot;https:\\\/\\\/moncompte.actu.fr&quot;,&quot;category&quot;:&quot;mon compte&quot;,&quot;from&quot;:&quot;article footer&quot;,&quot;name&quot;:&quot;Mon actu&quot;,&quot;type&quot;:&quot;cta&quot;}}\" target=\"_blank\">Mon Actu<\/a>.<\/p>\n","protected":false},"excerpt":{"rendered":"Par Olivia Kouassi Publi\u00e9 le 21 juil. 2025 \u00e0 18h51 Les faits se sont d\u00e9roul\u00e9s aux alentours de&hellip;\n","protected":false},"author":2,"featured_media":264629,"comment_status":"","ping_status":"","sticky":false,"template":"","format":"standard","meta":{"footnotes":""},"categories":[2820],"tags":[1111,11,1777,674,118,1011,27,775,12,1311,25,2215,640],"class_list":{"0":"post-264628","1":"post","2":"type-post","3":"status-publish","4":"format-standard","5":"has-post-thumbnail","7":"category-strasbourg","8":"tag-actu","9":"tag-actualites","10":"tag-eu","11":"tag-europe","12":"tag-faits-divers","13":"tag-fr","14":"tag-france","15":"tag-grand-est","16":"tag-news","17":"tag-pompiers","18":"tag-republique-francaise","19":"tag-sncf","20":"tag-strasbourg"},"share_on_mastodon":{"url":"https:\/\/pubeurope.com\/@fr\/114894439849120628","error":""},"_links":{"self":[{"href":"https:\/\/www.europesays.com\/fr\/wp-json\/wp\/v2\/posts\/264628","targetHints":{"allow":["GET"]}}],"collection":[{"href":"https:\/\/www.europesays.com\/fr\/wp-json\/wp\/v2\/posts"}],"about":[{"href":"https:\/\/www.europesays.com\/fr\/wp-json\/wp\/v2\/types\/post"}],"author":[{"embeddable":true,"href":"https:\/\/www.europesays.com\/fr\/wp-json\/wp\/v2\/users\/2"}],"replies":[{"embeddable":true,"href":"https:\/\/www.europesays.com\/fr\/wp-json\/wp\/v2\/comments?post=264628"}],"version-history":[{"count":0,"href":"https:\/\/www.europesays.com\/fr\/wp-json\/wp\/v2\/posts\/264628\/revisions"}],"wp:featuredmedia":[{"embeddable":true,"href":"https:\/\/www.europesays.com\/fr\/wp-json\/wp\/v2\/media\/264629"}],"wp:attachment":[{"href":"https:\/\/www.europesays.com\/fr\/wp-json\/wp\/v2\/media?parent=264628"}],"wp:term":[{"taxonomy":"category","embeddable":true,"href":"https:\/\/www.europesays.com\/fr\/wp-json\/wp\/v2\/categories?post=264628"},{"taxonomy":"post_tag","embeddable":true,"href":"https:\/\/www.europesays.com\/fr\/wp-json\/wp\/v2\/tags?post=264628"}],"curies":[{"name":"wp","href":"https:\/\/api.w.org\/{rel}","templated":true}]}}