{"id":264637,"date":"2025-07-22T02:19:47","date_gmt":"2025-07-22T02:19:47","guid":{"rendered":"https:\/\/www.europesays.com\/fr\/264637\/"},"modified":"2025-07-22T02:19:47","modified_gmt":"2025-07-22T02:19:47","slug":"toulouse-plages-a-ouvert-ses-portes-le-programme","status":"publish","type":"post","link":"https:\/\/www.europesays.com\/fr\/264637\/","title":{"rendered":"Toulouse Plages a ouvert ses portes, le programme"},"content":{"rendered":"<p>            Par<br \/>\n        <strong><br \/>\n            <a href=\"https:\/\/actu.fr\/auteur\/lea-afonso\" title=\"Consulter tous les articles de L\u00e9a Afonso\" target=\"_blank\" rel=\"noopener\">L\u00e9a Afonso<\/a><br \/>\n        <\/strong><\/p>\n<p>        Publi\u00e9 le<\/p>\n<p>            21 juil. 2025 \u00e0 15h32        <\/p>\n<p>Il y a de quoi occuper les Toulousains\u2026 <a href=\"https:\/\/actu.fr\/occitanie\/toulouse_31555\/toulouse-plages-s-installe-a-la-prairie-des-filtres-voici-quand-et-avec-quel-programme_62817807.html\" target=\"_blank\" rel=\"noopener\">Toulouse Plages<\/a> se r\u00e9installe sur la <a href=\"https:\/\/actu.fr\/occitanie\/toulouse_31555\/elle-est-detruite-a-toulouse-ces-associations-militent-pour-preserver-la-prairie-des-filtres_59846510.html\" target=\"_blank\" rel=\"noopener\">Prairie des Filtres<\/a> d\u00e8s ce lundi 21\u00a0juillet 2025 avec de nombreuses activit\u00e9s qui auront de quoi divertir les habitants rest\u00e9s dans la Ville rose pour l\u2019\u00e9t\u00e9. Voici ce qui est pr\u00e9vu.<\/p>\n<p>Sport et farniente<\/p>\n<p class=\" wall-content\"><strong>Transat, parasol<\/strong> ou encore activit\u00e9s <strong>sportives<\/strong>\u2026 \u00e7a sent l\u2019\u00e9t\u00e9 \u00e0 <a href=\"https:\/\/actu.fr\/toulouse\/\" target=\"_blank\" rel=\"noopener\">Toulouse<\/a>. D\u00e8s ce lundi 21\u00a0juillet et pour un mois, jusqu\u2019au 24\u00a0ao\u00fbt, de <strong>9\u2009h\u200930 \u00e0 21\u2009h\u200930<\/strong>, la plage s\u2019installe sur la Prairie des Filtres. Un concept dont les habitants profitent depuis 20\u00a0ans dans la Ville rose.<\/p>\n<p>Les activit\u00e9s de pr\u00e9vues<\/p>\n<p class=\" wall-content\">Du farniente au sport, il y en a pour tous les go\u00fbts et tous les \u00e2ges\u2009:<\/p>\n<ul class=\" wall-content\">\n<li><strong>Pour se rafra\u00eechir\u2009:<\/strong> un espace aqualudique ferm\u00e9 et s\u00e9curis\u00e9 de 100 m\u00b2, compos\u00e9 de neuf jets et sept jeux d\u2019eau, est accessible \u00e0 tous. Il est ouvert de 9\u2009h\u200930 \u00e0 21h. Tenue de bain obligatoire, chaussures et chaussettes interdites. Tout enfant de moins de six ans devra \u00eatre accompagn\u00e9 par une personne majeure (en tenue de bain). Vestiaire et douche seront \u00e0 disposition, pr\u00e8s de la structure. L\u2019acc\u00e8s sera refus\u00e9 aux usagers qui ne respectent pas le code vestimentaire adapt\u00e9<\/li>\n<li><strong>Sports sur sable\u2009:<\/strong> Beach tennis, beach-volley, AirBadminton, p\u00e9tanque, Molkky &amp; Kubb spikeball, teqball\u2026<\/li>\n<li><strong>Sports sur herbe\u2009:<\/strong> Badminton, rugby, tir \u00e0 la corde, discgolf (golf avec frisbee), Ultimate, spikeball, football, tennis de table, speedminton, volley, minitennis, dodgeball (balle aux prisonniers), tennis ballon, teqball, athl\u00e9tisme, draisiennes en pr\u00eat pour les moins de quatre ans<\/li>\n<li><strong>Basket 3\u00d73<\/strong> (Terrain 3\u00d73 de la Ligue Occitanie de Basket)<\/li>\n<li><strong>Danse breaking<\/strong><\/li>\n<li><strong>Activit\u00e9s autour du cirque<\/strong><\/li>\n<li><strong>Atelier collectif Hexeco<\/strong> de 45\u00a0minutes qui permet d\u2019en apprendre davantage sur les enjeux climatiques et sur les th\u00e9matiques de transition \u00e9cologiques qui touchent la pratique sportive<\/li>\n<li><strong>Activit\u00e9s sur l\u2019eau\u2009:<\/strong> Aviron (+1,40\u00a0m et +\u00a0de 12\u00a0ans), Cano\u00eb-kayak (+ 8ans). Tous les jours sauf le lundi, uniquement sur inscription pr\u00e9alable 48\u00a0heures \u00e0 l\u2019avance maximum, \u00e0 la cabane Pont Neuf<\/li>\n<li><strong>Espace grimpe\u2009:<\/strong> grand rocher d\u2019escalade, r\u00e9serv\u00e9 aux +\u00a01,10\u00a0m et\/ou +\u00a0de 6\u00a0ans (chaussures ferm\u00e9es obligatoires), mini bloc d\u2019escalade (acc\u00e8s libre entre 90cm et 1,20m \u2013 sous la responsabilit\u00e9 d\u2019un parent accompagnateur, chaussures ferm\u00e9es recommand\u00e9es), parcours aventure et parcours aventure (enfants de 2 \u00e0 6\u00a0ans en acc\u00e8s libre sous la responsabilit\u00e9 d\u2019un parent accompagnateur), slackline (pour les +\u00a0de 6\u00a0ans sous la responsabilit\u00e9 d\u2019un adulte responsable), trampolines (r\u00e9serv\u00e9s au +\u00a0de 3\u00a0ans sous la responsabilit\u00e9 des parents)<\/li>\n<li><strong>Sur les tatamis\u2009:<\/strong> animations et initiations de sports de combat\u2009: Kung Fu, Qi gong, Tai chi et arts Tao\u00efstes, Gym Su\u00e9doise, pr\u00e9vention blessures, \u00e9ducation posturale\u2026<\/li>\n<li><strong>Sport sant\u00e9 et bien-\u00eatre\u2009:<\/strong> cours tous publics de fitness, danse et activit\u00e9s zen propos\u00e9s quotidiennement. Matin\u2009: 9h30, 10h30, 11h30 et 12h30. Apr\u00e8s-midi\u2009: 16h, 17h, 18h, 19h et 20h. Tai Chi, Qi Gong, Gym su\u00e9doise, danses (initiations et bals), th\u00e9\u00e2tre technique et impro pour ados et adultes\u2026<\/li>\n<\/ul>\n<p>Sans oublier les plus jeunes<\/p>\n<p class=\" wall-content\">Les jeunes enfants ne sont pas oubli\u00e9s avec l\u2019installation <strong>d\u2019aire de jeux \u00ab\u2009Pitchouns\u2009\u00bb<\/strong> sous la responsabilit\u00e9 des parents. Elle consiste en un parcours de motricit\u00e9 (-1,15\u00a0m) et en une structure gonflable ludique (+1,15m).<\/p>\n<p>Vid\u00e9os : en ce moment sur Actu<\/p>\n<p class=\" wall-content\">Pour les plus de 10\u00a0ans, des activit\u00e9s collectives encadr\u00e9es par les animateurs de Toulouse Plages sont propos\u00e9es tous les jours de 10h \u00e0 21h (fermeture entre 13h et 14h) et sont accessibles aux personnes en situation de handicap.<\/p>\n<p>Des activit\u00e9s inclusives<\/p>\n<p class=\" wall-content\">Cette ann\u00e9e, les personnes en situation de handicap disposeront chaque jour d\u2019un programme d\u2019activit\u00e9 d\u00e9di\u00e9, encadr\u00e9 par des \u00e9ducateurs sportifs sp\u00e9cialis\u00e9s. Voici le programme\u2009:<\/p>\n<ul class=\" wall-content\">\n<li>lundi\u2009: <strong>activit\u00e9s nautiques<\/strong>, initiation au cano\u00eb et \u00e0 l\u2019aviron<\/li>\n<li>mardi\u2009: 10h,<strong> balade VTT<\/strong> Tandem avec les \u00e9ducateurs et 11h, plateau v\u00e9lo<\/li>\n<li>mercredi\u2009: initiation aux diff\u00e9rentes activit\u00e9s propos\u00e9es sur les stands de Toulouse Plage\u2009: <strong>escalade, accrobranche, boccia, parcours moteur<\/strong>\u2026<\/li>\n<li>jeudi\u2009: activit\u00e9s nautiques, initiation au cano\u00eb et \u00e0 l\u2019aviron<\/li>\n<li>vendredi\u2009: 10h, balade VTT Tandem avec les \u00e9ducateurs et 11h, plateau v\u00e9lo<\/li>\n<\/ul>\n<p>Deux autres sites concern\u00e9s<\/p>\n<p class=\" wall-content\">Toulouse Plages ne s\u2019arr\u00eate pas \u00e0 la Prairie des Filtres. Deux autres sites sont aussi concern\u00e9s par les activit\u00e9s estivales\u2009: le <a href=\"https:\/\/actu.fr\/occitanie\/tournefeuille_31557\/pres-de-toulouse-cette-plage-surveillee-rouvre-cet-ete-decouvrez-quand_62683259.html\" target=\"_blank\" rel=\"noopener\">lac de la ram\u00e9e avec sa baignade autoris\u00e9e<\/a>\u00a0depuis le 5\u00a0juillet et le lac de la Reynerie avec sa base nautique qui regorge d\u2019activit\u00e9s.<\/p>\n<p class=\" wall-content\">Suivez toute l\u2019actualit\u00e9 de vos villes et m\u00e9dias favoris en vous inscrivant \u00e0 <a href=\"https:\/\/moncompte.actu.fr\" title=\"D\u00e9couvez Mon Actu\" rel=\"nofollow noopener\" data-trk=\"{&quot;cta&quot;:{&quot;action&quot;:&quot;https:\\\/\\\/moncompte.actu.fr&quot;,&quot;category&quot;:&quot;mon compte&quot;,&quot;from&quot;:&quot;article footer&quot;,&quot;name&quot;:&quot;Mon actu&quot;,&quot;type&quot;:&quot;cta&quot;}}\" target=\"_blank\">Mon Actu<\/a>.<\/p>\n<ul class=\"ac-article-tag wall-content\">\n<li><a href=\"https:\/\/actu.fr\/tag\/plages\" data-trk=\"{&quot;cta&quot;:{&quot;action&quot;:&quot;Plages&quot;,&quot;category&quot;:&quot;tag&quot;,&quot;from&quot;:&quot;article footer&quot;,&quot;name&quot;:&quot;Plages&quot;,&quot;type&quot;:&quot;cta&quot;}}\" target=\"_blank\" rel=\"noopener\">#Plages<\/a><\/li>\n<li><a href=\"https:\/\/actu.fr\/tag\/sortir-a-toulouse\" data-trk=\"{&quot;cta&quot;:{&quot;action&quot;:&quot;Sortir \\u00e0 Toulouse&quot;,&quot;category&quot;:&quot;tag&quot;,&quot;from&quot;:&quot;article footer&quot;,&quot;name&quot;:&quot;Sortir \\u00e0 Toulouse&quot;,&quot;type&quot;:&quot;cta&quot;}}\" target=\"_blank\" rel=\"noopener\">#Sortir \u00e0 Toulouse<\/a><\/li>\n<\/ul>\n","protected":false},"excerpt":{"rendered":"Par L\u00e9a Afonso Publi\u00e9 le 21 juil. 2025 \u00e0 15h32 Il y a de quoi occuper les Toulousains\u2026&hellip;\n","protected":false},"author":2,"featured_media":264638,"comment_status":"","ping_status":"","sticky":false,"template":"","format":"standard","meta":{"footnotes":""},"categories":[2816],"tags":[1111,11,1777,674,1011,27,1652,12,2680,8302,25,1341,2312],"class_list":{"0":"post-264637","1":"post","2":"type-post","3":"status-publish","4":"format-standard","5":"has-post-thumbnail","7":"category-toulouse","8":"tag-actu","9":"tag-actualites","10":"tag-eu","11":"tag-europe","12":"tag-fr","13":"tag-france","14":"tag-loisirs-culture","15":"tag-news","16":"tag-occitanie","17":"tag-plages","18":"tag-republique-francaise","19":"tag-sortir-a-toulouse","20":"tag-toulouse"},"share_on_mastodon":{"url":"https:\/\/pubeurope.com\/@fr\/114894498840122370","error":""},"_links":{"self":[{"href":"https:\/\/www.europesays.com\/fr\/wp-json\/wp\/v2\/posts\/264637","targetHints":{"allow":["GET"]}}],"collection":[{"href":"https:\/\/www.europesays.com\/fr\/wp-json\/wp\/v2\/posts"}],"about":[{"href":"https:\/\/www.europesays.com\/fr\/wp-json\/wp\/v2\/types\/post"}],"author":[{"embeddable":true,"href":"https:\/\/www.europesays.com\/fr\/wp-json\/wp\/v2\/users\/2"}],"replies":[{"embeddable":true,"href":"https:\/\/www.europesays.com\/fr\/wp-json\/wp\/v2\/comments?post=264637"}],"version-history":[{"count":0,"href":"https:\/\/www.europesays.com\/fr\/wp-json\/wp\/v2\/posts\/264637\/revisions"}],"wp:featuredmedia":[{"embeddable":true,"href":"https:\/\/www.europesays.com\/fr\/wp-json\/wp\/v2\/media\/264638"}],"wp:attachment":[{"href":"https:\/\/www.europesays.com\/fr\/wp-json\/wp\/v2\/media?parent=264637"}],"wp:term":[{"taxonomy":"category","embeddable":true,"href":"https:\/\/www.europesays.com\/fr\/wp-json\/wp\/v2\/categories?post=264637"},{"taxonomy":"post_tag","embeddable":true,"href":"https:\/\/www.europesays.com\/fr\/wp-json\/wp\/v2\/tags?post=264637"}],"curies":[{"name":"wp","href":"https:\/\/api.w.org\/{rel}","templated":true}]}}