{"id":264645,"date":"2025-07-22T02:24:40","date_gmt":"2025-07-22T02:24:40","guid":{"rendered":"https:\/\/www.europesays.com\/fr\/264645\/"},"modified":"2025-07-22T02:24:40","modified_gmt":"2025-07-22T02:24:40","slug":"a-la-tete-de-sud-concerts-rabah-houia-place-lhumain-au-coeur-de-chaque-concert","status":"publish","type":"post","link":"https:\/\/www.europesays.com\/fr\/264645\/","title":{"rendered":"\u00c0 la t\u00eate de Sud Concerts, Rabah Houia place l&rsquo;humain au c\u0153ur de chaque concert"},"content":{"rendered":"<p>Directeur de Sud Concerts, Rabah Houia signe une saison o\u00f9 la sc\u00e8ne frappe fort et rassemble large. De Gims, l\u2019un des artistes les plus \u00e9cout\u00e9s de France, aux jeunes p\u00e9pites comme Linh ou Adam\u00e9, il d\u00e9fend une vision populaire, vivante et accessible de la musique. Une approche profond\u00e9ment humaine, qui place l\u2019humain au c\u0153ur de chaque concert.<\/p>\n<p><strong>Sud Concerts, est devenue une vraie r\u00e9f\u00e9rence dans la r\u00e9gion. Comment consid\u00e9rez-vous votre r\u00f4le dans la vie culturelle locale\u00a0?<\/strong>&#13;\n<\/p>\n<p>On n\u2019est pas les plus grands, mais on est pr\u00e9sents dans beaucoup de petits endroits. L\u2019art et la culture, c\u2019est aussi \u00e7a : la diversit\u00e9. Il faut que \u00e7a vienne de plusieurs endroits. Quand \u00e7a vient d\u2019un seul, \u00e7a devient une dictature de la pens\u00e9e. Il faut de l\u2019essence, des lectures diff\u00e9rentes. Que les gens aiment le rock, le rap, la pop, le jazz, la vari\u00e9t\u00e9\u2026 C\u2019est comme \u00e7a qu\u2019on s\u2019enrichit. Nous sommes aussi cette ann\u00e9e \u00e0 Orange, Solli\u00e8s-Pont, Saint-Rapha\u00ebl, Sainte-Maxime\u2026 On soutient \u00e9galement des artistes comme <a href=\"https:\/\/www.laprovence.com\/article\/culture-loisirs\/40654777057991\/patrick-fiori-apres-vaison-la-romaine-il-defiera-orange-le-6-septembre-prochain\" target=\"_blank\" rel=\"noopener\">Patrick Fiori<\/a>, mais je n\u2019aime pas trop dire qu\u2019on fait beaucoup de choses. Moi, ce qui m\u2019int\u00e9resse, ce sont les aventures humaines.<\/p>\n<p><strong>Une v\u00e9ritable cha\u00eene derri\u00e8re la construction d\u2019un projet\u00a0?<\/strong>&#13;\n<\/p>\n<p>Oui, quand je parle d\u2019aventure humaine, je ne parle pas seulement des artistes\u00a0: je parle aussi des \u00e9quipes, des techniciens, de la billetterie, du gardien\u2026 C\u2019est vraiment tout le monde. C\u2019est une construction collective. L\u2019autre jour, je discutais avec un technicien avec qui je travaille depuis longtemps. On s\u2019est rendus compte qu\u2019on n\u2019avait jamais pris le temps d\u2019\u00e9changer vraiment, on travaille, on est dans nos r\u00f4les et on oublie. J\u2019ai pass\u00e9 presque une heure avec lui.<\/p>\n","protected":false},"excerpt":{"rendered":"Directeur de Sud Concerts, Rabah Houia signe une saison o\u00f9 la sc\u00e8ne frappe fort et rassemble large. De&hellip;\n","protected":false},"author":2,"featured_media":264646,"comment_status":"","ping_status":"","sticky":false,"template":"","format":"standard","meta":{"footnotes":""},"categories":[2814],"tags":[17,1111,11,4156,251,1777,674,1011,27,40416,40417,884,12,5536,882,40415,25,7053,17643],"class_list":{"0":"post-264645","1":"post","2":"type-post","3":"status-publish","4":"format-standard","5":"has-post-thumbnail","7":"category-marseille","8":"tag-17","9":"tag-actu","10":"tag-actualites","11":"tag-concerts","12":"tag-culture","13":"tag-eu","14":"tag-europe","15":"tag-fr","16":"tag-france","17":"tag-houia","18":"tag-lhumain","19":"tag-marseille","20":"tag-news","21":"tag-place","22":"tag-provence-alpes-cote-dazur","23":"tag-rabah","24":"tag-republique-francaise","25":"tag-sud","26":"tag-tete"},"share_on_mastodon":{"url":"https:\/\/pubeurope.com\/@fr\/114894514627498779","error":""},"_links":{"self":[{"href":"https:\/\/www.europesays.com\/fr\/wp-json\/wp\/v2\/posts\/264645","targetHints":{"allow":["GET"]}}],"collection":[{"href":"https:\/\/www.europesays.com\/fr\/wp-json\/wp\/v2\/posts"}],"about":[{"href":"https:\/\/www.europesays.com\/fr\/wp-json\/wp\/v2\/types\/post"}],"author":[{"embeddable":true,"href":"https:\/\/www.europesays.com\/fr\/wp-json\/wp\/v2\/users\/2"}],"replies":[{"embeddable":true,"href":"https:\/\/www.europesays.com\/fr\/wp-json\/wp\/v2\/comments?post=264645"}],"version-history":[{"count":0,"href":"https:\/\/www.europesays.com\/fr\/wp-json\/wp\/v2\/posts\/264645\/revisions"}],"wp:featuredmedia":[{"embeddable":true,"href":"https:\/\/www.europesays.com\/fr\/wp-json\/wp\/v2\/media\/264646"}],"wp:attachment":[{"href":"https:\/\/www.europesays.com\/fr\/wp-json\/wp\/v2\/media?parent=264645"}],"wp:term":[{"taxonomy":"category","embeddable":true,"href":"https:\/\/www.europesays.com\/fr\/wp-json\/wp\/v2\/categories?post=264645"},{"taxonomy":"post_tag","embeddable":true,"href":"https:\/\/www.europesays.com\/fr\/wp-json\/wp\/v2\/tags?post=264645"}],"curies":[{"name":"wp","href":"https:\/\/api.w.org\/{rel}","templated":true}]}}