{"id":264651,"date":"2025-07-22T02:28:46","date_gmt":"2025-07-22T02:28:46","guid":{"rendered":"https:\/\/www.europesays.com\/fr\/264651\/"},"modified":"2025-07-22T02:28:46","modified_gmt":"2025-07-22T02:28:46","slug":"deux-amis-parcourent-les-131-km-dune-etape-mythique-du-tour-de-france-en-velov","status":"publish","type":"post","link":"https:\/\/www.europesays.com\/fr\/264651\/","title":{"rendered":"deux amis parcourent les 131 km d\u2019une \u00e9tape mythique du Tour de France en V\u00e9lo\u2019v"},"content":{"rendered":"<p>Deux amis ont parcouru les 131 km entre Albertville et La Plagne sur les v\u00e9los en libre-service lyonnais.<\/p>\n<p class=\"fig-paragraph\">Samedi 19 juillet, deux amis se sont lanc\u00e9 le d\u00e9fi fou de r\u00e9aliser le parcours de l\u2019\u00c9<a href=\"https:\/\/www.lefigaro.fr\/le-scan-sport\/2017\/07\/14\/27001-20170714ARTFIG00094-l-etape-du-tour-15000-amateurs-a-l-assaut-de-l-izoard.php\" data-fig-type=\"Article\" data-gtm-custom-categorie=\"navigation\" data-gtm-custom-action=\"crossclick\" data-gtm-custom-label=\"Contextuel\" data-gtm-event=\"customEventSPE\" data-fig-domain=\"LEFIGARO\" target=\"_blank\" rel=\"noopener\">tape du tour<\/a>\u00a0en V\u00e9lo\u2019v,\u00a0<a href=\"http:\/\/www.lefigaro.fr\/lyon\/lyon-les-velos-en-libre-service-velo-v-ont-battu-des-records-en-2022-20230111\" data-fig-type=\"NewsFlash\" data-gtm-custom-categorie=\"navigation\" data-gtm-custom-action=\"crossclick\" data-gtm-custom-label=\"Contextuel\" data-gtm-event=\"customEventSPE\" data-fig-domain=\"LEFIGARO\" target=\"_blank\" rel=\"noopener\">les v\u00e9los en libre-service lyonnais<\/a>. Un p\u00e9riple de 131 kilom\u00e8tres dont 4550 m de d\u00e9nivel\u00e9 positif \u00e0 travers 5 cols entre Albertville et La Plagne r\u00e9alis\u00e9 sur des v\u00e9los de 22 kg. \u00abPour \u00eatre francs on est cyclistes amateurs. On roule de mani\u00e8re raisonnable. Avec mon pote d\u2019enfance on a toujours fait des trucs en mode d\u00e9fi. Mon fr\u00e8re a fait l\u2019\u00c9tape du Tour l\u2019an dernier. Il s\u2019est \u00e9croul\u00e9 en finissant et a dit \u00ab\u00a0plus jamais \u00e7a\u00a0\u00bb. L\u00e0, un de ses potes a dit \u00ab\u00a0plus jamais \u00e7a, sauf en V\u00e9lib\u2019\u00a0\u00bb. \u00c7a m\u2019a fait rire et je me suis dit \u00ab\u00a0OK on va faire \u00e7a\u00a0\u00bb\u00bb.<\/p>\n<p class=\"fig-paragraph\">Un an plus tard, des huit amis partant pour l\u2019aventure, il n\u2019en reste que deux, Thibaut Arbonel et Thomas Laurenceau. Se posent alors quelques probl\u00e8mes de logistique.\u00a0<a href=\"http:\/\/www.lefigaro.fr\/conjoncture\/on-ne-sait-pas-ou-sont-les-velos-a-paris-640-velib-disparaissent-chaque-semaine-20250703\" data-fig-type=\"NewsFlash\" data-gtm-custom-categorie=\"navigation\" data-gtm-custom-action=\"crossclick\" data-gtm-custom-label=\"Contextuel\" data-gtm-event=\"customEventSPE\" data-fig-domain=\"LEFIGARO\" target=\"_blank\" rel=\"noopener\">Comment trouver un V\u00e9lib\u2019\u00a0<\/a>? Comment g\u00e9rer la caution\u00a0? comment le transporter\u00a0? Thomas contacte l\u2019exploitant de V\u00e9lib\u2019 pour se faire pr\u00eater un v\u00e9lo, mais se voit opposer un refus.<\/p>\n<p>                                    <a class=\"fig-a11y-skip a11y-hidden\" href=\"#fig-a11y-skip-main-inarticle\"><br \/>\n        Passer la publicit\u00e9<br \/>\n    <\/a><\/p>\n<p class=\"fig-paragraph\">Thibaut qui vit \u00e0 Lyon, joint, lui,\u00a0<a href=\"http:\/\/www.lefigaro.fr\/medias\/tire-par-le-digital-jcdecaux-depasse-son-chiffre-d-affaires-d-avant-la-pandemie-20250306\" data-fig-type=\"NewsFlash\" data-gtm-custom-categorie=\"navigation\" data-gtm-custom-action=\"crossclick\" data-gtm-custom-label=\"Contextuel\" data-gtm-event=\"customEventSPE\" data-fig-domain=\"LEFIGARO\" target=\"_blank\" rel=\"noopener\">JCDecaux, l\u2019exploitant de V\u00e9lo\u2019v<\/a>. \u00abC\u2019\u00e9tait deux jours avant le d\u00e9part. J\u2019ai pr\u00e9sent\u00e9 notre projet le jeudi. Le vendredi apr\u00e8s midi ils nous ont dit \u00ab\u00a0C\u2019est bon, vous pouvez aller chercher les v\u00e9los au d\u00e9p\u00f4t de Villeurbanne\u00a0\u00bb. J\u2019ai annul\u00e9 mes rendez-vous de l\u2019apr\u00e8s-midi et j\u2019ai r\u00e9cup\u00e9r\u00e9 deux v\u00e9los flambant neufs\u00bb.<\/p>\n<p class=\"fig-body-link\">\n            \u00c0 lire aussi<br \/>\n        <a class=\"fig-body-link__link\" href=\"http:\/\/www.lefigaro.fr\/lyon\/insolite-a-lyon-deux-all-blacks-apercus-a-velo-en-libre-service-grimpant-la-colline-de-fourviere-20230912\" data-fig-type=\"NewsFlash\" data-gtm-custom-categorie=\"navigation\" data-gtm-custom-action=\"crossclick\" data-gtm-custom-label=\"Contextuel\" data-gtm-event=\"customEventSPE\" data-fig-domain=\"LEFIGARO\" target=\"_blank\" rel=\"noopener\">Insolite\u00a0: \u00e0 Lyon, deux All Blacks aper\u00e7us \u00e0 v\u00e9lo en libre-service grimpant la colline de Fourvi\u00e8re<br \/>\n    <\/a>\n<\/p>\n<p>Un peloton de v\u00e9los en libre-service en 2026\u00a0?<\/p>\n<p class=\"fig-paragraph\">Arriv\u00e9s dans les Alpes, les deux amis se lancent alors de nuit dans un p\u00e9riple de 11 h 30 avant que les routes ne soient emprunt\u00e9es par plus de 16.000 cyclistes le lendemain lors de l\u2019\u00c9tape du Tour. \u00abSe balader \u00e0 3 heures du matin sur les routes des Alpes sans croiser personne, c\u2019\u00e9tait extraordinaire. Une balade magique. C\u2019\u00e9tait comme \u00eatre seul sur les Champs-\u00c9lys\u00e9es mais au milieu des montagnes\u00a0\u00bb, se rappelle Thibaut.<\/p>\n<p class=\"fig-paragraph\">C\u00f4t\u00e9 sportif, l\u2019\u00e9preuve fut intense\u00a0: \u00abJ\u2019ai pass\u00e9 4300 m de d\u00e9nivel\u00e9 sur 4500 en danseuse. Les v\u00e9los ont des petits d\u00e9veloppements mais \u00e7a ne compense pas leur poids. Et quand la pente d\u00e9passait les 10% on poussait. Par contre ils se comportent super bien en descente\u00bb.<\/p>\n<p class=\"fig-paragraph\">L\u2019\u00e9tape termin\u00e9e, les deux copains veulent remettre \u00e7a d\u00e8s l\u2019\u00e9t\u00e9 prochain. Avec un d\u00e9fi encore plus grand. \u00abJe ne sais pas si JCDecaux et d\u2019autres op\u00e9rateurs veulent nous aider, mais on aimerait refaire la m\u00eame chose mais avec un peloton constitu\u00e9 des v\u00e9los publics de toutes les villes de France. J\u2019imagine un truc grandiose o\u00f9 chacun vient avec le v\u00e9lo de sa ville et un t-shirt du club du coin. \u00c7a peut \u00eatre incroyable\u00bb. \u00c0 bon entendeur.<\/p>\n","protected":false},"excerpt":{"rendered":"Deux amis ont parcouru les 131 km entre Albertville et La Plagne sur les v\u00e9los en libre-service lyonnais.&hellip;\n","protected":false},"author":2,"featured_media":264652,"comment_status":"","ping_status":"","sticky":false,"template":"","format":"standard","meta":{"footnotes":""},"categories":[1889],"tags":[1111,11,2430,1777,674,1011,27,29160,2428,12,25,210,36253],"class_list":{"0":"post-264651","1":"post","2":"type-post","3":"status-publish","4":"format-standard","5":"has-post-thumbnail","7":"category-lyon","8":"tag-actu","9":"tag-actualites","10":"tag-auvergne-rhone-alpes","11":"tag-eu","12":"tag-europe","13":"tag-fr","14":"tag-france","15":"tag-jcdecaux","16":"tag-lyon","17":"tag-news","18":"tag-republique-francaise","19":"tag-tour-de-france","20":"tag-velib"},"share_on_mastodon":{"url":"https:\/\/pubeurope.com\/@fr\/114894534240929441","error":""},"_links":{"self":[{"href":"https:\/\/www.europesays.com\/fr\/wp-json\/wp\/v2\/posts\/264651","targetHints":{"allow":["GET"]}}],"collection":[{"href":"https:\/\/www.europesays.com\/fr\/wp-json\/wp\/v2\/posts"}],"about":[{"href":"https:\/\/www.europesays.com\/fr\/wp-json\/wp\/v2\/types\/post"}],"author":[{"embeddable":true,"href":"https:\/\/www.europesays.com\/fr\/wp-json\/wp\/v2\/users\/2"}],"replies":[{"embeddable":true,"href":"https:\/\/www.europesays.com\/fr\/wp-json\/wp\/v2\/comments?post=264651"}],"version-history":[{"count":0,"href":"https:\/\/www.europesays.com\/fr\/wp-json\/wp\/v2\/posts\/264651\/revisions"}],"wp:featuredmedia":[{"embeddable":true,"href":"https:\/\/www.europesays.com\/fr\/wp-json\/wp\/v2\/media\/264652"}],"wp:attachment":[{"href":"https:\/\/www.europesays.com\/fr\/wp-json\/wp\/v2\/media?parent=264651"}],"wp:term":[{"taxonomy":"category","embeddable":true,"href":"https:\/\/www.europesays.com\/fr\/wp-json\/wp\/v2\/categories?post=264651"},{"taxonomy":"post_tag","embeddable":true,"href":"https:\/\/www.europesays.com\/fr\/wp-json\/wp\/v2\/tags?post=264651"}],"curies":[{"name":"wp","href":"https:\/\/api.w.org\/{rel}","templated":true}]}}