{"id":264655,"date":"2025-07-22T02:35:43","date_gmt":"2025-07-22T02:35:43","guid":{"rendered":"https:\/\/www.europesays.com\/fr\/264655\/"},"modified":"2025-07-22T02:35:43","modified_gmt":"2025-07-22T02:35:43","slug":"le-parquet-general-de-paris-annonce-se-pourvoir-en-cassation-liberation","status":"publish","type":"post","link":"https:\/\/www.europesays.com\/fr\/264655\/","title":{"rendered":"le parquet g\u00e9n\u00e9ral de Paris annonce se pourvoir en cassation \u2013 Lib\u00e9ration"},"content":{"rendered":"<p class=\"sc-ksZaOG ehjQrN text-element\">Nouveau rebondissement dans l\u2019affaire <a href=\"https:\/\/www.liberation.fr\/societe\/police-justice\/georges-abdallah-ex-ennemi-public-numero-1-laisse-en-prison-et-oublie-par-lopinion-pendant-des-decennies-20250717_LJTC4SPNTRCKPGZIYBGXDGEEWA\/\" target=\"_blank\" rel=\"noopener\" title=\"https:\/\/www.liberation.fr\/societe\/police-justice\/georges-abdallah-ex-ennemi-public-numero-1-laisse-en-prison-et-oublie-par-lopinion-pendant-des-decennies-20250717_LJTC4SPNTRCKPGZIYBGXDGEEWA\/\">Georges Ibrahim Abdallah<\/a>. Condamn\u00e9 \u00e0 Paris en 1987 pour complicit\u00e9 d\u2019assassinat de diplomates am\u00e9ricain et isra\u00e9lien, le Libanais doit sortir de prison le 25 juillet. Une remise en libert\u00e9 qui n\u2019est pas du go\u00fbt du parquet g\u00e9n\u00e9ral de Paris. Dans un communiqu\u00e9 rendu public ce lundi 21 juillet, Marie-Suzanne Le Qu\u00e9au, la procureure g\u00e9n\u00e9rale pr\u00e8s la cour d\u2019appel de Paris, a annonc\u00e9 le pourvoi en cassation du parquet g\u00e9n\u00e9ral de Paris dans ce dossier. Le militant libanais propalestinien va tout de m\u00eame pouvoir quitter comme pr\u00e9vu sa prison vendredi 25 juillet.<\/p>\n<p class=\"sc-ksZaOG ehjQrN text-element\">\u00abPar arr\u00eat du 17 juillet 2025, la chambre d\u2019application des peines de la cour d\u2019appel de Paris a fait droit \u00e0 la demande de lib\u00e9ration conditionnelle formul\u00e9e par Georges Ibrahim Abdallah \u00e0 compter du 25 juillet 2025 et jusqu\u2019au 25 juillet 2035, sous condition de quitter le territoire national et de n\u2019y plus para\u00eetre\u00bb, rappelle dans un premier temps le communiqu\u00e9 du parquet g\u00e9n\u00e9ral ce lundi. <\/p>\n<p class=\"sc-ksZaOG ehjQrN text-element\">Toutefois, pour l\u2019instance, cette d\u00e9cision \u00abn\u2019est pas conforme \u00e0 la jurisprudence de la chambre criminelle de la Cour de cassation selon laquelle une personne condamn\u00e9e \u00e0 la r\u00e9clusion criminelle \u00e0 perp\u00e9tuit\u00e9 pour des faits de terrorisme ne peut b\u00e9n\u00e9ficier d\u2019une lib\u00e9ration conditionnelle sans mesure probatoire\u00bb, par exemple un bracelet \u00e9lectronique en France pendant plusieurs mois, ou des obligations avec des comptes \u00e0 rendre \u00e0 un juge. La juridiction, dirig\u00e9e Marie-Suzanne Le Qu\u00e9au, pr\u00e9cise par ailleurs que cette voie de recours \u00abne suspend pas l\u2019ex\u00e9cution de la d\u00e9cision\u00bb : Georges Ibrahim Abdallah peut donc se rendre au Liban.<\/p>\n<p class=\"sc-ksZaOG ehjQrN text-element\">Derri\u00e8re les barreaux en France depuis 1984, l\u2019ancien chef d\u2019un groupuscule de chr\u00e9tiens libanais marxistes pro-palestiniens est en effet lib\u00e9rable depuis 25 ans. Il avait vu <a href=\"https:\/\/www.liberation.fr\/societe\/police-justice\/georges-ibrahim-abdallah-la-decision-sur-la-liberation-du-militant-libanais-ajournee-au-19-juin-20250220_EKT6QTDZ45CJDMNKQUMPRCF6MM\/\" target=\"_blank\" rel=\"noopener\" title=\"https:\/\/www.liberation.fr\/societe\/police-justice\/georges-ibrahim-abdallah-la-decision-sur-la-liberation-du-militant-libanais-ajournee-au-19-juin-20250220_EKT6QTDZ45CJDMNKQUMPRCF6MM\/\">sa dizaine de demandes de remise en libert\u00e9 \u00e9chouer<\/a>, avant d\u2019obtenir gain de cause <a href=\"https:\/\/www.liberation.fr\/societe\/police-justice\/le-dossier-de-georges-abdallah-un-des-plus-vieux-prisonniers-de-france-de-retour-devant-la-justice-20250618_XHZXACWHU5C6RBRGAGY7NAKKDA\/?redirected=1&amp;redirected=1\" target=\"_blank\" rel=\"noopener\" title=\"https:\/\/www.liberation.fr\/societe\/police-justice\/le-dossier-de-georges-abdallah-un-des-plus-vieux-prisonniers-de-france-de-retour-devant-la-justice-20250618_XHZXACWHU5C6RBRGAGY7NAKKDA\/?redirected=1&amp;redirected=1\">le 17 juillet dernier.<\/a> Jeudi dernier, la cour d\u2019appel a finalement ordonn\u00e9 la remise en libert\u00e9 de Georges Ibrahim Abdallah, \u00e2g\u00e9 de 74 ans, \u00e0 condition qu\u2019il quitte le territoire et n\u2019y revienne plus.<\/p>\n<p class=\"sc-ksZaOG ehjQrN text-element\">Le tribunal puis la cour d\u2019appel se sont dits favorables \u00e0 sa lib\u00e9ration, jugeant \u00abdisproportionn\u00e9e\u00bb la dur\u00e9e de d\u00e9tention de ce d\u00e9tenu \u00ab\u00e2g\u00e9\u00bb au regard des crimes commis. N\u00e9anmoins, le parquet antiterroriste puis le parquet g\u00e9n\u00e9ral lors de l\u2019audience en appel se sont d\u00e9clar\u00e9s oppos\u00e9s \u00e0 cette lib\u00e9ration. Isra\u00ebl ne s\u2019\u00e9tait pas manifest\u00e9 pendant la proc\u00e9dure judiciaire, mais a \u00abregrett\u00e9\u00bb jeudi, par la voix de son ambassade \u00e0 Paris, la d\u00e9cision de justice. \u00abDe tels terroristes, ennemis du monde libre, devraient passer leur vie en prison\u00bb, a-t-elle \u00e9crit dans un communiqu\u00e9.<\/p>\n<p class=\"sc-ksZaOG ehjQrN text-element\">L\u2019ancien chef des FARL (Fractions arm\u00e9es r\u00e9volutionnaires libanaises), un groupuscule de chr\u00e9tiens libanais marxistes actif dans les ann\u00e9es 80 et dissous depuis longtemps, avait \u00e9t\u00e9 condamn\u00e9 en 1987 \u00e0 la r\u00e9clusion criminelle \u00e0 perp\u00e9tuit\u00e9 pour complicit\u00e9 d\u2019assassinats de diplomates am\u00e9ricain et isra\u00e9lien, \u00e0 Paris en 1982.<\/p>\n<p class=\"sc-ksZaOG ehjQrN text-element\">Sa sortie de la prison de Lannemezan (Hautes-Pyr\u00e9n\u00e9es) doit intervenir ce vendredi. Il est ensuite pr\u00e9vu que l\u2019homme prenne un vol entre Roissy et Beyrouth, un d\u00e9part organis\u00e9 avec les autorit\u00e9s libanaises qui se sont r\u00e9jouies de cette lib\u00e9ration r\u00e9clam\u00e9e par elles depuis des ann\u00e9es.<\/p>\n<p class=\"sc-ksZaOG ehjQrN text-element\">Les ann\u00e9es passant, Georges Ibrahim Abdallah est petit \u00e0 petit tomb\u00e9 dans l\u2019oubli, \u00e0 l\u2019exception de quelques parlementaires de gauche et d\u2019une poign\u00e9e de fid\u00e8les manifestant chaque ann\u00e9e devant sa prison.<\/p>\n<p class=\"sc-ksZaOG ehjQrN text-element\">Dans les ann\u00e9es 1980, il \u00e9tait l\u2019ennemi public num\u00e9ro 1 et l\u2019un des prisonniers les plus c\u00e9l\u00e8bres de France. Pas \u00e0 cause de son affaire, mais parce qu\u2019on l\u2019a longtemps cru, \u00e0 tort, \u00e0 l\u2019origine de la vague d\u2019attentats de 1985-1986 qui avait tu\u00e9 13 personnes dont 7 au<a href=\"https:\/\/www.liberation.fr\/photographie\/2020\/08\/06\/tati-une-histoire-en-vichy_1796188\/\" target=\"_blank\" rel=\"noopener\" title=\"https:\/\/www.liberation.fr\/photographie\/2020\/08\/06\/tati-une-histoire-en-vichy_1796188\/\"> magasin Tati<\/a> de la rue de Rennes, et install\u00e9 la psychose dans les rues de la capitale.<\/p>\n<p class=\"sc-ksZaOG ehjQrN text-element\">Les v\u00e9ritables responsables, des pro-Iraniens, avaient \u00e9t\u00e9 identifi\u00e9s deux mois apr\u00e8s la condamnation \u00e0 la perp\u00e9tuit\u00e9 de Georges Abdallah. Ce dernier n\u2019a jamais reconnu son implication dans l\u2019assassinat des diplomates, mais les a toujours qualifi\u00e9s d\u2019\u00abactes de r\u00e9sistance\u00bb contre \u00abl\u2019oppression isra\u00e9lienne et am\u00e9ricaine\u00bb, dans le contexte de la guerre civile libanaise et de l\u2019invasion isra\u00e9lienne au Sud Liban en 1978. Malgr\u00e9 sa longue condamnation, l\u2019homme a toujours refus\u00e9 de renier ses convictions.<\/p>\n","protected":false},"excerpt":{"rendered":"Nouveau rebondissement dans l\u2019affaire Georges Ibrahim Abdallah. Condamn\u00e9 \u00e0 Paris en 1987 pour complicit\u00e9 d\u2019assassinat de diplomates am\u00e9ricain&hellip;\n","protected":false},"author":2,"featured_media":264656,"comment_status":"","ping_status":"","sticky":false,"template":"","format":"standard","meta":{"footnotes":""},"categories":[1888],"tags":[1111,1928,11,1927,1777,674,1011,27,12404,12,1926,3518,626,1925,899,25],"class_list":{"0":"post-264655","1":"post","2":"type-post","3":"status-publish","4":"format-standard","5":"has-post-thumbnail","7":"category-paris","8":"tag-actu","9":"tag-actu-paris","10":"tag-actualites","11":"tag-actualites-paris","12":"tag-eu","13":"tag-europe","14":"tag-fr","15":"tag-france","16":"tag-liban","17":"tag-news","18":"tag-news-paris","19":"tag-palestine","20":"tag-paris","21":"tag-paris-news","22":"tag-prisons","23":"tag-republique-francaise"},"share_on_mastodon":{"url":"https:\/\/pubeurope.com\/@fr\/114894557873894442","error":""},"_links":{"self":[{"href":"https:\/\/www.europesays.com\/fr\/wp-json\/wp\/v2\/posts\/264655","targetHints":{"allow":["GET"]}}],"collection":[{"href":"https:\/\/www.europesays.com\/fr\/wp-json\/wp\/v2\/posts"}],"about":[{"href":"https:\/\/www.europesays.com\/fr\/wp-json\/wp\/v2\/types\/post"}],"author":[{"embeddable":true,"href":"https:\/\/www.europesays.com\/fr\/wp-json\/wp\/v2\/users\/2"}],"replies":[{"embeddable":true,"href":"https:\/\/www.europesays.com\/fr\/wp-json\/wp\/v2\/comments?post=264655"}],"version-history":[{"count":0,"href":"https:\/\/www.europesays.com\/fr\/wp-json\/wp\/v2\/posts\/264655\/revisions"}],"wp:featuredmedia":[{"embeddable":true,"href":"https:\/\/www.europesays.com\/fr\/wp-json\/wp\/v2\/media\/264656"}],"wp:attachment":[{"href":"https:\/\/www.europesays.com\/fr\/wp-json\/wp\/v2\/media?parent=264655"}],"wp:term":[{"taxonomy":"category","embeddable":true,"href":"https:\/\/www.europesays.com\/fr\/wp-json\/wp\/v2\/categories?post=264655"},{"taxonomy":"post_tag","embeddable":true,"href":"https:\/\/www.europesays.com\/fr\/wp-json\/wp\/v2\/tags?post=264655"}],"curies":[{"name":"wp","href":"https:\/\/api.w.org\/{rel}","templated":true}]}}