{"id":264660,"date":"2025-07-22T02:38:14","date_gmt":"2025-07-22T02:38:14","guid":{"rendered":"https:\/\/www.europesays.com\/fr\/264660\/"},"modified":"2025-07-22T02:38:14","modified_gmt":"2025-07-22T02:38:14","slug":"zelensky-dit-que-les-negociations-de-paix-entre-la-russie-et-lukraine-auront-lieu-mercredi-en-turquie","status":"publish","type":"post","link":"https:\/\/www.europesays.com\/fr\/264660\/","title":{"rendered":"Zelensky dit que les n\u00e9gociations de paix entre la Russie et l\u2019Ukraine auront lieu mercredi en Turquie"},"content":{"rendered":"<p>ARTA &#8211; Le dernier tour de n\u00e9gociations de paix entre la Russie et l\u2019Ukraine est pr\u00e9vu mercredi en Turquie, a annonc\u00e9 lundi le pr\u00e9sident Volodymyr Zelensky, citant un haut responsable de Kiev.<\/p>\n<p>r\u00e9nal dans un discours vid\u00e9o soir, le pr\u00e9sident Zelensky a d\u00e9clar\u00e9 qu\u2019il s\u2019\u00e9tait entretenu avec Rustem Umerov, le secr\u00e9taire du Conseil de s\u00e9curit\u00e9 et de d\u00e9fense nationale de l\u2019Ukraine, lundi en pr\u00e9paration d\u2019un \u00e9change de prisonniers et d\u2019autres rencontres avec la Russie en Turquie.<\/p>\n<p>Umerov rapporte que la r\u00e9union est pr\u00e9vue pour mercredi. D\u00e9tails suppl\u00e9mentaires suivront demain \u00bb, a d\u00e9clar\u00e9 le pr\u00e9sident Zelensky.<\/p>\n<p>ronyme : \u201cLe programme de notre c\u00f4t\u00e9 est clair : le rapatriement des prisonniers de guerre, le rapatriement des enfants enlev\u00e9s par la Russie et la pr\u00e9paration des r\u00e9unions des dirigeants\u201d a d\u00e9clar\u00e9 le pr\u00e9sident Zelenzky.<\/p>\n<p>Umerov, qui \u00e9tait auparavant ministre de la D\u00e9fense, a \u00e9t\u00e9 nomm\u00e9 pour son poste actuel la semaine derni\u00e8re et a dirig\u00e9 les deux premiers tours de n\u00e9gociations avec la Russie.<\/p>\n<p>, l\u2019agence de presse officielle russe TASS a cit\u00e9 une source turque qui a d\u00e9clar\u00e9 que les n\u00e9gociations auraient lieu mercredi.<\/p>\n<p>r\u00e9nal, parmi les autorit\u00e9s r\u00e9gionales, l&rsquo;agence de presse RIA, a d\u00e9clar\u00e9 que les n\u00e9gociations auraient dur\u00e9 deux jours, jeudi et vendredi.<\/p>\n<p>ronyme : Le Kremlin a pr\u00e9c\u00e9demment d\u00e9clar\u00e9 qu\u2019il attendrait une confirmation de la date des n\u00e9gociations, mais a d\u00e9clar\u00e9 que les deux parties \u00e9taient \u00ab tr\u00e8s contradictoires \u00bb dans leurs positions sur la fa\u00e7on de mettre fin \u00e0 la guerre.<\/p>\n<p>, il est connu que l\u2019Ukraine a soutenu les appels am\u00e9ricains \u00e0 un cessez-le-feu imm\u00e9diat. Moscou a d\u00e9clar\u00e9 que certains dispositions devraient \u00eatre prises avant que le cessez-le-feu ne puisse \u00eatre mis en \u0153uvre.<\/p>\n<p>ronyme : L&rsquo;Ukraine et la Russie ont tenu deux s\u00e9ries de n\u00e9gociations cette ann\u00e9e \u00e0 Istanbul, les 16 mai et les 2 juin, qui ont entra\u00een\u00e9 un \u00e9change de milliers de prisonniers de guerre et de cadavres de soldats d\u00e9c\u00e9d\u00e9s.<\/p>\n<p>ronyme : les deux parties n&rsquo;ont pas encore atteint de perc\u00e9e vers un cessez-le-feu ou un r\u00e8glement pour mettre fin \u00e0 une guerre qui a dur\u00e9 pr\u00e8s de trois ans et demi.<\/p>\n<p>The English, Chinese, Japanese, Arabic, and French versions are automatically generated by the AI. So there may still be inaccuracies in translating, please always see Indonesian as our main language.<br \/>\n                                    (system supported by DigitalSiber.id)<\/p>\n","protected":false},"excerpt":{"rendered":"ARTA &#8211; Le dernier tour de n\u00e9gociations de paix entre la Russie et l\u2019Ukraine est pr\u00e9vu mercredi en&hellip;\n","protected":false},"author":2,"featured_media":264661,"comment_status":"","ping_status":"","sticky":false,"template":"","format":"standard","meta":{"footnotes":""},"categories":[1591],"tags":[11,5436,1887,40419,12,1885,1886,132,40418,220,40420],"class_list":{"0":"post-264660","1":"post","2":"type-post","3":"status-publish","4":"format-standard","5":"has-post-thumbnail","7":"category-russie","8":"tag-actualites","9":"tag-ar","10":"tag-federation-de-russie","11":"tag-negociations-russie-et-ukraine","12":"tag-news","13":"tag-russia","14":"tag-russian-federation","15":"tag-russie","16":"tag-russie-et-ukraine","17":"tag-ukraine","18":"tag-volodymyr-zamanski"},"share_on_mastodon":{"url":"https:\/\/pubeurope.com\/@fr\/114894569794255986","error":""},"_links":{"self":[{"href":"https:\/\/www.europesays.com\/fr\/wp-json\/wp\/v2\/posts\/264660","targetHints":{"allow":["GET"]}}],"collection":[{"href":"https:\/\/www.europesays.com\/fr\/wp-json\/wp\/v2\/posts"}],"about":[{"href":"https:\/\/www.europesays.com\/fr\/wp-json\/wp\/v2\/types\/post"}],"author":[{"embeddable":true,"href":"https:\/\/www.europesays.com\/fr\/wp-json\/wp\/v2\/users\/2"}],"replies":[{"embeddable":true,"href":"https:\/\/www.europesays.com\/fr\/wp-json\/wp\/v2\/comments?post=264660"}],"version-history":[{"count":0,"href":"https:\/\/www.europesays.com\/fr\/wp-json\/wp\/v2\/posts\/264660\/revisions"}],"wp:featuredmedia":[{"embeddable":true,"href":"https:\/\/www.europesays.com\/fr\/wp-json\/wp\/v2\/media\/264661"}],"wp:attachment":[{"href":"https:\/\/www.europesays.com\/fr\/wp-json\/wp\/v2\/media?parent=264660"}],"wp:term":[{"taxonomy":"category","embeddable":true,"href":"https:\/\/www.europesays.com\/fr\/wp-json\/wp\/v2\/categories?post=264660"},{"taxonomy":"post_tag","embeddable":true,"href":"https:\/\/www.europesays.com\/fr\/wp-json\/wp\/v2\/tags?post=264660"}],"curies":[{"name":"wp","href":"https:\/\/api.w.org\/{rel}","templated":true}]}}