{"id":264664,"date":"2025-07-22T02:40:31","date_gmt":"2025-07-22T02:40:31","guid":{"rendered":"https:\/\/www.europesays.com\/fr\/264664\/"},"modified":"2025-07-22T02:40:31","modified_gmt":"2025-07-22T02:40:31","slug":"le-prix-du-visa-usa-na-rien-de-beautiful","status":"publish","type":"post","link":"https:\/\/www.europesays.com\/fr\/264664\/","title":{"rendered":"Le prix du visa USA n&rsquo;a rien de \u00ab\u00a0beautiful\u00a0\u00bb"},"content":{"rendered":"<p>\u00c0 partir de 2026, le co\u00fbt des visas de non-immigrant pour entrer aux \u00c9tats-Unis <a href=\"https:\/\/mistertravel.news\/2025\/07\/08\/ladministration-trump-va-egalement-taxer-les-touristes-etrangers\/\" target=\"_blank\" rel=\"noopener\">augmentera consid\u00e9rablement<\/a>. La nouvelle loi, baptis\u00e9e \u00ab One Big Beautiful Bill Act \u00bb et promue par Donald Trump, instaure <strong>des frais d\u2019int\u00e9grit\u00e9 des visas de 250 US$, qui s\u2019ajouteront au prix actuel de 185 $, portant le co\u00fbt total \u00e0 435 $ par demandeur.<\/strong><\/p>\n<p>Cette mesure concerne des millions de personnes dans le monde, notamment celles et ceux qui demandent un visa touristique (B-1\/B-2), \u00e9tudiant (F\/M), d\u2019\u00e9change culturel (J) et de travail temporaire (H-1B, L, O, P, R). L\u2019objectif affich\u00e9 du Congr\u00e8s am\u00e9ricain est de renforcer l\u2019application des lois sur l\u2019immigration, mais cette annonce a suscit\u00e9 la controverse parmi les organisations et les universit\u00e9s.<\/p>\n<p>Que sont \u00ab\u00a0les frais d\u2019int\u00e9grit\u00e9 des visas\u00a0\u00bb et qui devra les payer?<\/p>\n<p>Les frais d\u2019int\u00e9grit\u00e9 des visas consistent en une caution remboursable de 250 $ US, exig\u00e9e dans le cadre de la proc\u00e9dure de visa. Ils sont obligatoires pour tous les demandeurs, \u00e0 l\u2019exception des diplomates (A\/G) et des citoyens des pays participant au programme d\u2019exemption de visa appel\u00e9 Visa Waiver, dont la France,\u00a0la Belgique et la Suisse.<\/p>\n<p>Pour r\u00e9cup\u00e9rer ce montant, le visitant \u00e9tranger doit remplir trois conditions :<\/p>\n<ul>\n<li>Ne pas d\u00e9passer la dur\u00e9e de s\u00e9jour autoris\u00e9e ;<\/li>\n<li>Ne pas travailler ill\u00e9galement ;<\/li>\n<li>Quitter le pays dans un d\u00e9lai maximum de cinq jours apr\u00e8s la date d\u2019expiration ou modifier son statut d\u2019immigration dans le cadre l\u00e9gal.<\/li>\n<\/ul>\n<p>Les personnes ne respectant pas ces r\u00e8gles perdront automatiquement leur droit \u00e0 un remboursement et l\u2019argent sera revers\u00e9 au Tr\u00e9sor am\u00e9ricain.<\/p>\n<p>Ces nouveaux frais, ajout\u00e9s au projet de loi par les l\u00e9gislateurs r\u00e9publicains de la commission judiciaire de la Chambre des repr\u00e9sentants, font partie des 22 frais d\u2019immigration pr\u00e9vus par le projet de loi, <strong>destin\u00e9s \u00e0 \u00ab encourager les ressortissants \u00e9trangers visitant les \u00c9tats-Unis \u00e0 se comporter de mani\u00e8re l\u00e9gale \u00bb.<\/strong><\/p>\n<p>Les frais sont pay\u00e9s \u00e0 la d\u00e9livrance du visa, conform\u00e9ment \u00e0 la r\u00e9glementation. Par cons\u00e9quent, les visiteurs dont la demande de visa est refus\u00e9e ne seront pas factur\u00e9s.<\/p>\n<p>Les associations du tourisme affirment que cela entra\u00eenera une diminution du nombre de visiteurs internationaux aux \u00c9tats-Unis<\/p>\n<p>Les \u00e9tudiants internationaux seront \u00e9galement touch\u00e9s, car ils devront s\u2019acquitter des nouveaux frais pour s\u2019inscrire \u00e0 des programmes universitaires, \u00e0 des cours d\u2019anglais ou \u00e0 d\u2019autres exp\u00e9riences acad\u00e9miques. Les universit\u00e9s publiques et priv\u00e9es ont d\u00e9j\u00e0 exprim\u00e9 leur inqui\u00e9tude quant \u00e0 la baisse potentielle des inscriptions \u00e9trang\u00e8res.<\/p>\n<p>En outre, les frais d\u2019int\u00e9grit\u00e9 des visas seront ajust\u00e9s chaque ann\u00e9e en fonction de l\u2019inflation, ce qui pourrait rendre le prix encore plus \u00e9lev\u00e9 dans les ann\u00e9es \u00e0 venir, comme pr\u00e9vu dans le texte de la nouvelle loi \u00ab\u00a0beautiful\u00a0\u00bb.<\/p>\n","protected":false},"excerpt":{"rendered":"\u00c0 partir de 2026, le co\u00fbt des visas de non-immigrant pour entrer aux \u00c9tats-Unis augmentera consid\u00e9rablement. La nouvelle&hellip;\n","protected":false},"author":2,"featured_media":264665,"comment_status":"","ping_status":"","sticky":false,"template":"","format":"standard","meta":{"footnotes":""},"categories":[1589],"tags":[11,16862,40421,73,1866,40422,12,40423,40424,467,1864,1865,1863,308,4392],"class_list":{"0":"post-264664","1":"post","2":"type-post","3":"status-publish","4":"format-standard","5":"has-post-thumbnail","7":"category-etats-unis","8":"tag-actualites","9":"tag-augmentation","10":"tag-esta","11":"tag-etats-unis","12":"tag-etats-unis-damerique","13":"tag-exemption-de-visa","14":"tag-news","15":"tag-prix-du-visa-americain","16":"tag-prix-esta","17":"tag-trump","18":"tag-united-states","19":"tag-united-states-of-america","20":"tag-us","21":"tag-usa","22":"tag-visa"},"share_on_mastodon":{"url":"https:\/\/pubeurope.com\/@fr\/114894577559834717","error":""},"_links":{"self":[{"href":"https:\/\/www.europesays.com\/fr\/wp-json\/wp\/v2\/posts\/264664","targetHints":{"allow":["GET"]}}],"collection":[{"href":"https:\/\/www.europesays.com\/fr\/wp-json\/wp\/v2\/posts"}],"about":[{"href":"https:\/\/www.europesays.com\/fr\/wp-json\/wp\/v2\/types\/post"}],"author":[{"embeddable":true,"href":"https:\/\/www.europesays.com\/fr\/wp-json\/wp\/v2\/users\/2"}],"replies":[{"embeddable":true,"href":"https:\/\/www.europesays.com\/fr\/wp-json\/wp\/v2\/comments?post=264664"}],"version-history":[{"count":0,"href":"https:\/\/www.europesays.com\/fr\/wp-json\/wp\/v2\/posts\/264664\/revisions"}],"wp:featuredmedia":[{"embeddable":true,"href":"https:\/\/www.europesays.com\/fr\/wp-json\/wp\/v2\/media\/264665"}],"wp:attachment":[{"href":"https:\/\/www.europesays.com\/fr\/wp-json\/wp\/v2\/media?parent=264664"}],"wp:term":[{"taxonomy":"category","embeddable":true,"href":"https:\/\/www.europesays.com\/fr\/wp-json\/wp\/v2\/categories?post=264664"},{"taxonomy":"post_tag","embeddable":true,"href":"https:\/\/www.europesays.com\/fr\/wp-json\/wp\/v2\/tags?post=264664"}],"curies":[{"name":"wp","href":"https:\/\/api.w.org\/{rel}","templated":true}]}}