{"id":264680,"date":"2025-07-22T02:51:16","date_gmt":"2025-07-22T02:51:16","guid":{"rendered":"https:\/\/www.europesays.com\/fr\/264680\/"},"modified":"2025-07-22T02:51:16","modified_gmt":"2025-07-22T02:51:16","slug":"un-all-black-sur-le-point-de-signer-en-arabie-saoudite-pour-un-salaire-xxl","status":"publish","type":"post","link":"https:\/\/www.europesays.com\/fr\/264680\/","title":{"rendered":"Un All-Black sur le point de signer en Arabie Saoudite pour un salaire XXL ?"},"content":{"rendered":"<p>Le march\u00e9 mondial du rugby pourrait bient\u00f4t trembler. Roger Tuivasa\u2011Sheck, 32 ans, triple international avec les All Blacks et actuellement star \u00e0 XIII chez les Warriors d\u2019Auckland, envisage un retour au rugby \u00e0 XV\u2026 mais pas n\u2019importe o\u00f9.<\/p>\n<p>Selon plusieurs sources et notamment Midi Olympique, il \u00e9tudierait une offre XXL en provenance du <strong>R360<\/strong>, une comp\u00e9tition priv\u00e9e de rugby \u00e0 XV soutenue par des capitaux saoudiens et pr\u00e9sent\u00e9e comme \u00ab rebelle \u00bb vis\u2011\u00e0\u2011vis du circuit traditionnel.<\/p>\n<p><strong>Pourquoi \u00e7a fait parler<\/strong><\/p>\n<ul>\n<li><strong>Contrat en cours<\/strong> : il lui reste encore un an avec les Warriors.<\/li>\n<li><strong>Salaire actuel estim\u00e9<\/strong> : ~600 000 $ US par saison en NRL (\u2248300 000 \u20ac).<\/li>\n<li><strong>Offre potentielle R360<\/strong> : jusqu\u2019\u00e0 1,1 M$ US\/an (\u2248550 000 \u20ac). Soit presque le double.<\/li>\n<li><strong>\u00c2ge &amp; profil<\/strong> : polyvalent trois\u2011quarts d\u00e9j\u00e0 pass\u00e9 d\u2019un code \u00e0 l\u2019autre au cours de sa carri\u00e8re.<\/li>\n<\/ul>\n<p><strong>Un projet encore flou\u2026 mais d\u00e9j\u00e0 courtis\u00e9<\/strong><\/p>\n<p>\u00c0 ce stade, aucun joueur n\u2019aurait officiellement sign\u00e9 en R360. Pourtant, la rumeur enfle : environ <strong>140 joueurs auraient donn\u00e9 un accord de principe<\/strong> selon certains m\u00e9dias sp\u00e9cialis\u00e9s. Si une star connue pour sa capacit\u00e9 \u00e0 changer de code comme Tuivasa\u2011Sheck s\u2019engage, l\u2019effet d\u2019entra\u00eenement pourrait \u00eatre massif.<\/p>\n<p><strong>Ce qu\u2019il faut surveiller<\/strong><\/p>\n<ol>\n<li><strong>Sortie anticip\u00e9e de son contrat NRL ?<\/strong><\/li>\n<li><strong>Structure sportive du R360<\/strong> : calendrier, oppositions, statut World Rugby.<\/li>\n<li><strong>R\u00e9action des f\u00e9d\u00e9rations \u00e9tablies<\/strong> si les meilleurs talents migrent pour raisons financi\u00e8res.<\/li>\n<\/ol>\n<p><strong>En bref<\/strong><\/p>\n<p>Le R360 veut frapper fort. Et Roger Tuivasa\u2011Sheck, symbole de polyvalence et figure m\u00e9diatique, repr\u00e9sente la recrue id\u00e9ale pour cr\u00e9dibiliser ce nouveau champ de bataille du rugby mondial.<\/p>\n<p><strong>Dossier br\u00fblant \u00e0 suivre\u2026<\/strong><\/p>\n","protected":false},"excerpt":{"rendered":"Le march\u00e9 mondial du rugby pourrait bient\u00f4t trembler. Roger Tuivasa\u2011Sheck, 32 ans, triple international avec les All Blacks&hellip;\n","protected":false},"author":2,"featured_media":264681,"comment_status":"","ping_status":"","sticky":false,"template":"","format":"standard","meta":{"footnotes":""},"categories":[1416],"tags":[1011,27,479,1468,60],"class_list":{"0":"post-264680","1":"post","2":"type-post","3":"status-publish","4":"format-standard","5":"has-post-thumbnail","7":"category-rugby","8":"tag-fr","9":"tag-france","10":"tag-rugby","11":"tag-rugby-football","12":"tag-sports"},"share_on_mastodon":{"url":"https:\/\/pubeurope.com\/@fr\/114894620847678410","error":""},"_links":{"self":[{"href":"https:\/\/www.europesays.com\/fr\/wp-json\/wp\/v2\/posts\/264680","targetHints":{"allow":["GET"]}}],"collection":[{"href":"https:\/\/www.europesays.com\/fr\/wp-json\/wp\/v2\/posts"}],"about":[{"href":"https:\/\/www.europesays.com\/fr\/wp-json\/wp\/v2\/types\/post"}],"author":[{"embeddable":true,"href":"https:\/\/www.europesays.com\/fr\/wp-json\/wp\/v2\/users\/2"}],"replies":[{"embeddable":true,"href":"https:\/\/www.europesays.com\/fr\/wp-json\/wp\/v2\/comments?post=264680"}],"version-history":[{"count":0,"href":"https:\/\/www.europesays.com\/fr\/wp-json\/wp\/v2\/posts\/264680\/revisions"}],"wp:featuredmedia":[{"embeddable":true,"href":"https:\/\/www.europesays.com\/fr\/wp-json\/wp\/v2\/media\/264681"}],"wp:attachment":[{"href":"https:\/\/www.europesays.com\/fr\/wp-json\/wp\/v2\/media?parent=264680"}],"wp:term":[{"taxonomy":"category","embeddable":true,"href":"https:\/\/www.europesays.com\/fr\/wp-json\/wp\/v2\/categories?post=264680"},{"taxonomy":"post_tag","embeddable":true,"href":"https:\/\/www.europesays.com\/fr\/wp-json\/wp\/v2\/tags?post=264680"}],"curies":[{"name":"wp","href":"https:\/\/api.w.org\/{rel}","templated":true}]}}