{"id":264691,"date":"2025-07-22T03:00:22","date_gmt":"2025-07-22T03:00:22","guid":{"rendered":"https:\/\/www.europesays.com\/fr\/264691\/"},"modified":"2025-07-22T03:00:22","modified_gmt":"2025-07-22T03:00:22","slug":"les-photos-inquietantes-de-karim-benzema-apres-son-mariage-avec-lyna-khoudri","status":"publish","type":"post","link":"https:\/\/www.europesays.com\/fr\/264691\/","title":{"rendered":"Les photos inqui\u00e9tantes de Karim Benzema apr\u00e8s son mariage avec Lyna Khoudri"},"content":{"rendered":"<p><strong>Mari\u00e9 depuis peu avec l\u2019actrice Lyna Khoudri, Karim Benzema (Al Ittihad, 37 ans) a inqui\u00e9t\u00e9 ses fans au sujet de son \u00e9tat physique.\u00a0<\/strong><\/p>\n<p>D\u2019ordinaire, le mariage est synonyme d\u2019\u00e9panouissement, de renouveau, voire de regain d\u2019\u00e9nergie. Pourtant, Karim Benzema semble nager \u00e0 contre-courant. Ces derniers jours, l\u2019attaquant d\u2019Al-Ittihad a surtout suscit\u00e9 l\u2019inqui\u00e9tude.<\/p>\n<blockquote class=\"instagram-media\" data-instgrm-captioned=\"\" data-instgrm-permalink=\"https:\/\/www.instagram.com\/p\/DMQpWR2NEQw\/?utm_source=ig_embed&amp;utm_campaign=loading\" data-instgrm-version=\"14\" style=\"background:#FFF;border:0;border-radius:3px;box-shadow:0 0 1px 0 rgba(0,0,0,0.5),0 1px 10px 0 rgba(0,0,0,0.15);margin:1px;max-width:540px;min-width:326px;padding:0;width:calc(100% - 2px)\"\/>\n<p>Le jeudi 17 juillet, Al-Ittihad a publi\u00e9 une s\u00e9rie de photos de l\u2019\u00e9quipe sur ses r\u00e9seaux sociaux. Si l\u2019objectif \u00e9tait sans doute de montrer un groupe uni \u00e0 l\u2019approche de la nouvelle saison, l\u2019attention des internautes s\u2019est tr\u00e8s vite focalis\u00e9e sur le visage ferm\u00e9 et fatigu\u00e9 de Benzema. Loin de l\u2019image rayonnante \u00e0 laquelle il avait habitu\u00e9 ses fans, l\u2019ancien joueur du Real Madrid appara\u00eet marqu\u00e9, le visage creus\u00e9, les traits tir\u00e9s.<\/p>\n<p>Benzema avec les traits tir\u00e9s\u00a0<\/p>\n<p>Rapidement, les commentaires ont fus\u00e9. Certains s\u2019amusent, d\u2019autres s\u2019inqui\u00e8tent. Une question revient sur toutes les l\u00e8vres : que se passe-t-il ? Sur le papier, Benzema a pourtant de quoi sourire. En mai dernier, il a surpris tout le monde en s\u2019affichant pour la premi\u00e8re fois avec l\u2019actrice Lyna Khoudri sur le tapis rouge du Festival de Cannes. Un couple inattendu, mais visiblement soud\u00e9.<\/p>\n<p>Le mois suivant, plusieurs sources annon\u00e7aient un mariage discret en Corse, officialisant un peu plus leur union. Pourtant, malgr\u00e9 cette stabilit\u00e9 amoureuse, Benzema semble ailleurs. Fatigu\u00e9 ? Us\u00e9 mentalement ? Personne ne sait vraiment. Ce qui est certain, c\u2019est que ses fans, eux, le voient et ne le reconnaissent plus\u2026<\/p>\n<blockquote class=\"instagram-media\" data-instgrm-captioned=\"\" data-instgrm-permalink=\"https:\/\/www.instagram.com\/p\/DMP5TJxsVnU\/?utm_source=ig_embed&amp;utm_campaign=loading\" data-instgrm-version=\"14\" style=\"background:#FFF;border:0;border-radius:3px;box-shadow:0 0 1px 0 rgba(0,0,0,0.5),0 1px 10px 0 rgba(0,0,0,0.15);margin:1px;max-width:540px;min-width:326px;padding:0;width:calc(100% - 2px)\"\/>\n<p><script async src=\"\/\/www.instagram.com\/embed.js\"><\/script><\/p>\n","protected":false},"excerpt":{"rendered":"Mari\u00e9 depuis peu avec l\u2019actrice Lyna Khoudri, Karim Benzema (Al Ittihad, 37 ans) a inqui\u00e9t\u00e9 ses fans au&hellip;\n","protected":false},"author":2,"featured_media":264692,"comment_status":"","ping_status":"","sticky":false,"template":"","format":"standard","meta":{"footnotes":""},"categories":[1359],"tags":[11,448,58,59,63,1011,27,66,3388,12,973,10662],"class_list":{"0":"post-264691","1":"post","2":"type-post","3":"status-publish","4":"format-standard","5":"has-post-thumbnail","7":"category-people","8":"tag-actualites","9":"tag-champions-league","10":"tag-divertissement","11":"tag-entertainment","12":"tag-football","13":"tag-fr","14":"tag-france","15":"tag-ligue-1","16":"tag-matchs","17":"tag-news","18":"tag-people","19":"tag-transferts"},"share_on_mastodon":{"url":"https:\/\/pubeurope.com\/@fr\/114894656110443722","error":""},"_links":{"self":[{"href":"https:\/\/www.europesays.com\/fr\/wp-json\/wp\/v2\/posts\/264691","targetHints":{"allow":["GET"]}}],"collection":[{"href":"https:\/\/www.europesays.com\/fr\/wp-json\/wp\/v2\/posts"}],"about":[{"href":"https:\/\/www.europesays.com\/fr\/wp-json\/wp\/v2\/types\/post"}],"author":[{"embeddable":true,"href":"https:\/\/www.europesays.com\/fr\/wp-json\/wp\/v2\/users\/2"}],"replies":[{"embeddable":true,"href":"https:\/\/www.europesays.com\/fr\/wp-json\/wp\/v2\/comments?post=264691"}],"version-history":[{"count":0,"href":"https:\/\/www.europesays.com\/fr\/wp-json\/wp\/v2\/posts\/264691\/revisions"}],"wp:featuredmedia":[{"embeddable":true,"href":"https:\/\/www.europesays.com\/fr\/wp-json\/wp\/v2\/media\/264692"}],"wp:attachment":[{"href":"https:\/\/www.europesays.com\/fr\/wp-json\/wp\/v2\/media?parent=264691"}],"wp:term":[{"taxonomy":"category","embeddable":true,"href":"https:\/\/www.europesays.com\/fr\/wp-json\/wp\/v2\/categories?post=264691"},{"taxonomy":"post_tag","embeddable":true,"href":"https:\/\/www.europesays.com\/fr\/wp-json\/wp\/v2\/tags?post=264691"}],"curies":[{"name":"wp","href":"https:\/\/api.w.org\/{rel}","templated":true}]}}