{"id":26471,"date":"2025-04-15T12:10:07","date_gmt":"2025-04-15T12:10:07","guid":{"rendered":"https:\/\/www.europesays.com\/fr\/26471\/"},"modified":"2025-04-15T12:10:07","modified_gmt":"2025-04-15T12:10:07","slug":"marseille-transavia-lance-quatre-nouvelles-lignes-vers-ces-destinations-sous-le-soleil","status":"publish","type":"post","link":"https:\/\/www.europesays.com\/fr\/26471\/","title":{"rendered":"Marseille. Transavia lance quatre nouvelles lignes vers ces destinations sous le soleil"},"content":{"rendered":"<p>            Par<br \/>\n        <strong><br \/>\n            <a href=\"https:\/\/actu.fr\/auteur\/fabien-binacchi\" title=\"Consulter tous les articles de Fabien Binacchi\" target=\"_blank\" rel=\"noopener\">Fabien Binacchi<\/a><br \/>\n        <\/strong><\/p>\n<p>        Publi\u00e9 le<\/p>\n<p>            15 avr. 2025 \u00e0 10h56        <\/p>\n<p>Des envies de grand ciel bleu vu la m\u00e9t\u00e9o actuelle\u2009? La compagnie a\u00e9rienne Transavia annonce ce mardi 15\u00a0avril ouvrir ses r\u00e9servations pour l\u2019hiver prochain vers <strong>quatre nouvelles destinations ensoleill\u00e9es<\/strong>\u00a0au d\u00e9part de <a href=\"https:\/\/actu.fr\/marseille\/\" target=\"_blank\" rel=\"noopener\">Marseille<\/a>.<\/p>\n<p class=\" wall-content\">Voici vers o\u00f9 les avions verts et blancs vont s\u2019envoler.<\/p>\n<p>Des destinations \u00ab\u2009soleil en hiver\u2009\u00bb<\/p>\n<p class=\" wall-content\">Transavia, la filiale low cost du groupe Air France KLM lance quatre nouvelles routes internationales au d\u00e9part de<a href=\"https:\/\/actu.fr\/tag\/aeroport-de-marseille-provence\" target=\"_blank\" rel=\"noopener\"> l\u2019a\u00e9roport Marseille-Provence<\/a><strong> \u00e0 compter du milieu de l\u2019automne.<\/strong><\/p>\n<p class=\" wall-content\">La compagnie explique miser sur les destinations qui offrent du \u00ab\u2009soleil en hiver\u2009\u00bb.<\/p>\n<p>Trois pays, quatre villes<\/p>\n<p class=\" wall-content\">Direction donc le Cap Vert, l\u2019Arabie saoudite et Isra\u00ebl pour des voyages entre le 26\u00a0octobre 2025 et le 28\u00a0mars 2026, pr\u00e9cise <a href=\"https:\/\/www.transavia.com\/accueil\/fr-fr\" target=\"_blank\" rel=\"noopener\">Transavia<\/a>.<\/p>\n<p>Vid\u00e9os : en ce moment sur Actu<\/p>\n<ul class=\" wall-content\">\n<li>Cap Vert\u2009: apr\u00e8s l\u2019\u00eele de Sal, une nouvelle desserte vers l\u2019archipel sera propos\u00e9e vers <strong>Praia<\/strong> avec 1 vol par semaine chaque samedi, d\u00e8s le 1er\u00a0novembre (\u00e0 partir de 120\u00a0euros l\u2019aller simple).<\/li>\n<li>Arabie saoudite\u2009: les villes de <strong>Djeddah<\/strong> (d\u00e8s 129\u00a0euros l\u2019aller simple) et <strong>M\u00e9dine<\/strong> (d\u00e8s 109\u00a0euros l\u2019aller simple) seront desservies tous les jeudis, \u00e0 partir du 30\u00a0octobre.<\/li>\n<li>Isra\u00ebl\u2009: deux vols par semaine, les mardis et dimanches, relieront<strong> Tel Aviv<\/strong>, \u00e0 compter du 26\u00a0octobre (comptez au moins 79\u00a0euros pour un aller simple).<\/li>\n<\/ul>\n<blockquote class=\"ac-article-quote wall-content\">\n<p>Ces nouvelles ouvertures de lignes sont une excellente nouvelle pour les clients de l\u2019a\u00e9roport Marseille Provence, dont les d\u00e9sirs de voyage ont \u00e9t\u00e9 entendus par Transavia. Une compagnie que nous sommes heureux de voir se d\u00e9velopper encore davantage sur notre tarmac.<\/p>\n<p>    <strong>C\u00e9line Lacroix<\/strong><br \/>\n        Responsable d\u00e9veloppement a\u00e9ronautique \u00e0 l&rsquo;a\u00e9roport Marseille-Provence.    <\/p><\/blockquote>\n<p>Deux autres lignes prolong\u00e9es<\/p>\n<p class=\" wall-content\">La compagnie Transavia pr\u00e9cise par ailleurs qu\u2019elle compl\u00e8te son offre hivernale en prolongeant ses dessertes en \u00c9gypte et \u00e0 Mad\u00e8re.<\/p>\n<p class=\" wall-content\">Des vols sont propos\u00e9s vers <strong>Le\u00a0Caire<\/strong> chaque vendredi, \u00e0 partir de 59\u00a0euros l\u2019aller simple. Et \u00e9galement pour atterrir \u00e0 <strong>Funchal<\/strong>, le m\u00eame jour, d\u00e8s 55\u00a0euros l\u2019aller simple.<\/p>\n<p class=\" wall-content\">Suivez toute l\u2019actualit\u00e9 de vos villes et m\u00e9dias favoris en vous inscrivant \u00e0 <a href=\"https:\/\/moncompte.actu.fr\" title=\"D\u00e9couvez Mon Actu\" rel=\"nofollow noopener\" data-trk=\"{&quot;cta&quot;:{&quot;action&quot;:&quot;https:\\\/\\\/moncompte.actu.fr&quot;,&quot;category&quot;:&quot;mon compte&quot;,&quot;from&quot;:&quot;article footer&quot;,&quot;name&quot;:&quot;Mon actu&quot;,&quot;type&quot;:&quot;cta&quot;}}\" target=\"_blank\">Mon Actu<\/a>.<\/p>\n","protected":false},"excerpt":{"rendered":"Par Fabien Binacchi Publi\u00e9 le 15 avr. 2025 \u00e0 10h56 Des envies de grand ciel bleu vu la&hellip;\n","protected":false},"author":2,"featured_media":26472,"comment_status":"","ping_status":"","sticky":false,"template":"","format":"standard","meta":{"footnotes":""},"categories":[2814],"tags":[1111,11,9404,1777,674,1011,27,884,12,882,25,104,756,3176],"class_list":{"0":"post-26471","1":"post","2":"type-post","3":"status-publish","4":"format-standard","5":"has-post-thumbnail","7":"category-marseille","8":"tag-actu","9":"tag-actualites","10":"tag-aeroport-de-marseille-provence","11":"tag-eu","12":"tag-europe","13":"tag-fr","14":"tag-france","15":"tag-marseille","16":"tag-news","17":"tag-provence-alpes-cote-dazur","18":"tag-republique-francaise","19":"tag-societe","20":"tag-transavia","21":"tag-vacances-scolaires"},"share_on_mastodon":{"url":"https:\/\/pubeurope.com\/@fr\/114341912458910622","error":""},"_links":{"self":[{"href":"https:\/\/www.europesays.com\/fr\/wp-json\/wp\/v2\/posts\/26471","targetHints":{"allow":["GET"]}}],"collection":[{"href":"https:\/\/www.europesays.com\/fr\/wp-json\/wp\/v2\/posts"}],"about":[{"href":"https:\/\/www.europesays.com\/fr\/wp-json\/wp\/v2\/types\/post"}],"author":[{"embeddable":true,"href":"https:\/\/www.europesays.com\/fr\/wp-json\/wp\/v2\/users\/2"}],"replies":[{"embeddable":true,"href":"https:\/\/www.europesays.com\/fr\/wp-json\/wp\/v2\/comments?post=26471"}],"version-history":[{"count":0,"href":"https:\/\/www.europesays.com\/fr\/wp-json\/wp\/v2\/posts\/26471\/revisions"}],"wp:featuredmedia":[{"embeddable":true,"href":"https:\/\/www.europesays.com\/fr\/wp-json\/wp\/v2\/media\/26472"}],"wp:attachment":[{"href":"https:\/\/www.europesays.com\/fr\/wp-json\/wp\/v2\/media?parent=26471"}],"wp:term":[{"taxonomy":"category","embeddable":true,"href":"https:\/\/www.europesays.com\/fr\/wp-json\/wp\/v2\/categories?post=26471"},{"taxonomy":"post_tag","embeddable":true,"href":"https:\/\/www.europesays.com\/fr\/wp-json\/wp\/v2\/tags?post=26471"}],"curies":[{"name":"wp","href":"https:\/\/api.w.org\/{rel}","templated":true}]}}