{"id":264712,"date":"2025-07-22T03:19:35","date_gmt":"2025-07-22T03:19:35","guid":{"rendered":"https:\/\/www.europesays.com\/fr\/264712\/"},"modified":"2025-07-22T03:19:35","modified_gmt":"2025-07-22T03:19:35","slug":"cest-un-feu-criminel-cest-sur-le-feu-de-vegetation-a-ravage-1-500-metres-carres-a-cagnes-sur-mer-trois-helicopteres-mobilises","status":"publish","type":"post","link":"https:\/\/www.europesays.com\/fr\/264712\/","title":{"rendered":"\u00ab\u00a0C\u2019est un feu criminel, c\u2019est s\u00fbr\u00a0\u00bb: le feu de v\u00e9g\u00e9tation a ravag\u00e9 1.500 m\u00e8tres carr\u00e9s \u00e0 Cagnes-sur-Mer, trois h\u00e9licopt\u00e8res mobilis\u00e9s"},"content":{"rendered":"<p>Un incendie s\u2019est d\u00e9clar\u00e9 ce lundi 21 juillet dans l\u2019apr\u00e8s-midi \u00e0 Cagnes-sur-Mer, dans le secteur de la Campanette, derri\u00e8re le Val-Fleuri. Alors que le mistral soufflait fort, laissant craindre le pire.<\/p>\n<p>Selon les pompiers, il s\u2019agissait d\u2019un \u00ab\u00a0d\u00e9part de feu de v\u00e9g\u00e9tation, chemin de la Maure, en milieu p\u00e9riurbain.\u00a0\u00bb<\/p>\n<p>1.500m2 ont \u00e9t\u00e9 touch\u00e9s. Le feu s\u2019est propag\u00e9 entre les jardins des habitations sans les menacer, a pr\u00e9cis\u00e9 le service d\u00e9partemental d\u2019incendie et de secours. Quarante-deux sapeurs pompiers ont \u00e9t\u00e9 mobilis\u00e9s avec six engins, ainsi que trois h\u00e9licopt\u00e8res bombardiers d\u2019eau.<\/p>\n<p>Huit largages ont \u00e9t\u00e9 effectu\u00e9s par ces derniers. Une strat\u00e9gie gagnante: le feu a finalement \u00e9t\u00e9 fix\u00e9 aux alentours de 16h30. Sans d\u00e9g\u00e2t mat\u00e9riel ni victime, hormis la v\u00e9g\u00e9tation.<\/p>\n<p>\u00ab\u00a0D\u00e9boussol\u00e9\u00a0\u00bb<\/p>\n<p>St\u00e9fano Solari, qui habite depuis une quinzaine d\u2019ann\u00e9es chemin de la Campanette, sur le versant en face du feu, a \u00e9t\u00e9 \u00ab\u00a0d\u00e9boussol\u00e9\u00a0\u00bb en apprenant la nouvelle depuis le Cros, o\u00f9 il travaille: \u00ab\u00a0C\u2019est une voisine qui m\u2019a averti, elle m\u2019a dit que tout flambait derri\u00e8re les immeubles.\u00a0\u00bb Ni une ni deux, <a href=\"https:\/\/www.nicematin.com\/environnement\/incendie-devastateur-de-2003-comment-cagnes-sur-mer-guette-les-departs-de-feu-pour-ne-pas-revivre-le-traumatisme-782805\" target=\"_blank\" rel=\"noopener\">avec le souvenir du terrible incendie de 2003 en t\u00eate,<\/a> il a pris la voiture pour se rendre sur place, et voir s\u2019il fallait \u00e9vacuer la maison et sauver le chat familial. En vain, car les routes \u00e9taient ferm\u00e9es par les forces de l\u2019ordre. Puis rapidement, la voisine a rappel\u00e9, pour lui apprendre que le feu \u00e9tait fix\u00e9.<\/p>\n<p>\u00ab\u00a0C\u2019est un feu criminel, c\u2019est s\u00fbr\u00a0\u00bb<\/p>\n<p>              <img ci-src=\"https:\/\/www.nicematin.com\/vie-locale\/protec\/DATA_ART_15945172-G7cGbuPK.jpg?vh=a3983c&amp;ci_seal=56095939f3\" alt=\"\"\/><\/p>\n<p>\u00ab\u00a0Plus de peur que de mal, t\u00e9moigne pour sa part Roger Dutto, qui habite sur place. Il y avait un mistral incroyable aujourd\u2019hui, les flammes ont l\u00e9ch\u00e9 ma villa, heureusement que les pompiers ont envoy\u00e9 directement les h\u00e9licopt\u00e8res. Il y avait un souffle et une chaleur incroyable, c\u2019\u00e9tait tr\u00e8s impressionnant, \u00e0 tout juste 10m de la maison\u2026 je sais pas si je vais r\u00e9ussir \u00e0 dormir cette nuit.\u00a0\u00bb<\/p>\n<p>L\u2019origine de l\u2019incendie? \u00ab\u00a0C\u2019est parti du bord de la route, je l\u2019ai vu d\u00e9marrer\u00a0\u00bb, jure-t-il.<\/p>\n<p>G\u00e9rard, ancien sapeur forestier qui habite \u00e0 c\u00f4t\u00e9, est encore plus pr\u00e9cis: \u00ab\u00a0\u00c7a ne peut pas \u00eatre un m\u00e9got, c\u2019est un feu criminel, c\u2019est s\u00fbr.\u00a0\u00bb C\u2019est son intuition. En tout cas, il tient \u00e0 remercier la v\u00e9locit\u00e9 des soldats du feu : \u00ab\u00a0Les h\u00e9licos ont \u00e9t\u00e9 l\u00e0 de suite, heureusement, sinon des maisons auraient br\u00fbl\u00e9.\u00a0\u00bb<\/p>\n<p><a href=\"https:\/\/www.nicematin.com\/meteo\/risque-feux-de-foret-tres-important-dans-une-partie-des-alpes-maritimes-ce-lundi-995019\" target=\"_blank\" rel=\"noopener\">La pr\u00e9fecture des Alpes-Maritimes avait mis en garde contre le risque de feux de for\u00eat, dans les Alpes-Maritimes, ce lundi 21 juillet,<\/a> en particulier dans l\u2019Est\u00e9rel.<\/p>\n<p>Par ailleurs, i<a href=\"https:\/\/www.nicematin.com\/environnement\/les-premieres-images-impressionnantes-de-lincendie-qui-sevit-entre-cagnes-sur-mer-et-villeneuve-loubet-863260\" target=\"_blank\" rel=\"noopener\">l y a deux ans quasi-jour pour jour, un incendie s\u2019\u00e9tait d\u00e9clar\u00e9 entre Cagnes-sur-Mer et Villeneuve-Loubet, mardi 25 juillet<\/a> 2023.<\/p>\n","protected":false},"excerpt":{"rendered":"Un incendie s\u2019est d\u00e9clar\u00e9 ce lundi 21 juillet dans l\u2019apr\u00e8s-midi \u00e0 Cagnes-sur-Mer, dans le secteur de la Campanette,&hellip;\n","protected":false},"author":2,"featured_media":264713,"comment_status":"","ping_status":"","sticky":false,"template":"","format":"standard","meta":{"footnotes":""},"categories":[4],"tags":[11,1011,27,12,25,3366],"class_list":{"0":"post-264712","1":"post","2":"type-post","3":"status-publish","4":"format-standard","5":"has-post-thumbnail","7":"category-france","8":"tag-actualites","9":"tag-fr","10":"tag-france","11":"tag-news","12":"tag-republique-francaise","13":"tag-vie-locale"},"share_on_mastodon":{"url":"https:\/\/pubeurope.com\/@fr\/114894730838501456","error":""},"_links":{"self":[{"href":"https:\/\/www.europesays.com\/fr\/wp-json\/wp\/v2\/posts\/264712","targetHints":{"allow":["GET"]}}],"collection":[{"href":"https:\/\/www.europesays.com\/fr\/wp-json\/wp\/v2\/posts"}],"about":[{"href":"https:\/\/www.europesays.com\/fr\/wp-json\/wp\/v2\/types\/post"}],"author":[{"embeddable":true,"href":"https:\/\/www.europesays.com\/fr\/wp-json\/wp\/v2\/users\/2"}],"replies":[{"embeddable":true,"href":"https:\/\/www.europesays.com\/fr\/wp-json\/wp\/v2\/comments?post=264712"}],"version-history":[{"count":0,"href":"https:\/\/www.europesays.com\/fr\/wp-json\/wp\/v2\/posts\/264712\/revisions"}],"wp:featuredmedia":[{"embeddable":true,"href":"https:\/\/www.europesays.com\/fr\/wp-json\/wp\/v2\/media\/264713"}],"wp:attachment":[{"href":"https:\/\/www.europesays.com\/fr\/wp-json\/wp\/v2\/media?parent=264712"}],"wp:term":[{"taxonomy":"category","embeddable":true,"href":"https:\/\/www.europesays.com\/fr\/wp-json\/wp\/v2\/categories?post=264712"},{"taxonomy":"post_tag","embeddable":true,"href":"https:\/\/www.europesays.com\/fr\/wp-json\/wp\/v2\/tags?post=264712"}],"curies":[{"name":"wp","href":"https:\/\/api.w.org\/{rel}","templated":true}]}}