{"id":264714,"date":"2025-07-22T03:21:30","date_gmt":"2025-07-22T03:21:30","guid":{"rendered":"https:\/\/www.europesays.com\/fr\/264714\/"},"modified":"2025-07-22T03:21:30","modified_gmt":"2025-07-22T03:21:30","slug":"om-le-club-officialise-le-depart-de-valentin-rongier","status":"publish","type":"post","link":"https:\/\/www.europesays.com\/fr\/264714\/","title":{"rendered":"OM. Le club officialise le d\u00e9part de Valentin Rongier"},"content":{"rendered":"<p>Il \u00e9tait le dernier joueur de l\u2019effectif marseillais qui n\u2019avait pas \u00e9t\u00e9 recrut\u00e9 sous l\u2019\u00e8re Pablo Longoria. Depuis ce lundi soir, c\u2019est d\u00e9sormais officiel\u00a0: Valentin Rongier n\u2019est plus un joueur de l\u2019Olympique de Marseille.<\/p>\n<p>C\u2019est dans un tweet accompagn\u00e9 d\u2019une vid\u00e9o que le club marseillais a d\u00e9cid\u00e9 d\u2019adresser ses adieux \u00e0 l\u2019ancien nantais.<\/p>\n<p>\u00ab\u00a0Apr\u00e8s six saisons pass\u00e9es \u00e0 l\u2019Olympique de Marseille, Valentin Rongier (30\u00a0ans) quitte le club pour s\u2019engager avec le Stade Rennais FC. Arriv\u00e9 en septembre\u00a02019, il aura disput\u00e9 196 matchs, inscrit 6 buts et d\u00e9livr\u00e9 11 passes d\u00e9cisives sous les couleurs olympiennes. Joueur cadre exemplaire, il a toujours fait preuve d\u2019un grand professionnalisme, incarnant parfaitement les valeurs du club. L\u2019OM tient \u00e0 remercier chaleureusement Valentin et lui souhaite le meilleur dans cette nouvelle aventure\u00a0\u00bb, peut-on lire sur le compte X du club o\u00f9 il aura disput\u00e9 pas moins de six saisons.<\/p>\n<p>M\u00eame s\u2019il ne partait pas souvent favori, durant son mandat en Provence Valentin Rongier aura r\u00e9ussi \u00e0 convaincre successivement Andr\u00e9 Villas-Boas (2019-2021), Jorge Sampaoli (2019-2021), Igor Tudor (2022-2023) et la saison pass\u00e9e Roberto De Zerbi.<\/p>\n<p>L\u2019actuel entra\u00eeneur s\u2019est d\u2019ailleurs exprim\u00e9 ce lundi, plus t\u00f4t dans la journ\u00e9e <a href=\"https:\/\/www.laprovence.com\/article\/om\/3757973793982614\/om-cest-en-vacances-que-je-suis-stresse-dans-un-entretien-a-lequipe-de-zerbi-raconte-son-rapport-au-football-et-a-lom\" target=\"_blank\" rel=\"noopener\">dans un entretien accord\u00e9 au journal L\u2019\u00c9quipe<\/a>, quand \u00e0 son d\u00e9part. \u00ab\u00a0Fin janvier, apr\u00e8s le match contre l\u2019OL, nous d\u00e9cidons de prendre Isma\u00ebl Bennacer. \u00c0 table, Pablo Longoria, Medhi Benatia et moi, nous d\u00e9cidons tous les trois ensemble de faire une offre de prolongation \u00e0 Valentin Rongier, de deux ans, confie le Brescian. Un milieu arrivait mais il fallait faire comprendre \u00e0 Rongier qu\u2019il restait au centre du projet. La proposition a \u00e9t\u00e9 faite et elle \u00e9tait bonne, m\u2019a dit Medhi Benatia. Mais elle a \u00e9t\u00e9 rejet\u00e9e. Et \u00e0 un an de la fin du contrat, ce n\u2019est plus une question technique, et moi, cela ne me concerne plus. C\u2019est dommage parce que Rongier \u00e9tait un joueur important et id\u00e9al pour Marseille.\u00a0\u00bb<\/p>\n<p>De son c\u00f4t\u00e9, le Stade Rennais a publi\u00e9 dans la soir\u00e9e une longue interview (plus de 8 minutes) avec sa nouvelle recrue. Le moment venu pour qu\u2019il explique sa signature en Bretagne.<\/p>\n","protected":false},"excerpt":{"rendered":"Il \u00e9tait le dernier joueur de l\u2019effectif marseillais qui n\u2019avait pas \u00e9t\u00e9 recrut\u00e9 sous l\u2019\u00e8re Pablo Longoria. Depuis&hellip;\n","protected":false},"author":2,"featured_media":264715,"comment_status":"","ping_status":"","sticky":false,"template":"","format":"standard","meta":{"footnotes":""},"categories":[2],"tags":[17,11,5244,3985,1011,27,12,28960,149,40433,9064],"class_list":{"0":"post-264714","1":"post","2":"type-post","3":"status-publish","4":"format-standard","5":"has-post-thumbnail","7":"category-actualites","8":"tag-17","9":"tag-actualites","10":"tag-club","11":"tag-depart","12":"tag-fr","13":"tag-france","14":"tag-news","15":"tag-officialise","16":"tag-om","17":"tag-rongier","18":"tag-valentin"},"share_on_mastodon":{"url":"https:\/\/pubeurope.com\/@fr\/114894738770212633","error":""},"_links":{"self":[{"href":"https:\/\/www.europesays.com\/fr\/wp-json\/wp\/v2\/posts\/264714","targetHints":{"allow":["GET"]}}],"collection":[{"href":"https:\/\/www.europesays.com\/fr\/wp-json\/wp\/v2\/posts"}],"about":[{"href":"https:\/\/www.europesays.com\/fr\/wp-json\/wp\/v2\/types\/post"}],"author":[{"embeddable":true,"href":"https:\/\/www.europesays.com\/fr\/wp-json\/wp\/v2\/users\/2"}],"replies":[{"embeddable":true,"href":"https:\/\/www.europesays.com\/fr\/wp-json\/wp\/v2\/comments?post=264714"}],"version-history":[{"count":0,"href":"https:\/\/www.europesays.com\/fr\/wp-json\/wp\/v2\/posts\/264714\/revisions"}],"wp:featuredmedia":[{"embeddable":true,"href":"https:\/\/www.europesays.com\/fr\/wp-json\/wp\/v2\/media\/264715"}],"wp:attachment":[{"href":"https:\/\/www.europesays.com\/fr\/wp-json\/wp\/v2\/media?parent=264714"}],"wp:term":[{"taxonomy":"category","embeddable":true,"href":"https:\/\/www.europesays.com\/fr\/wp-json\/wp\/v2\/categories?post=264714"},{"taxonomy":"post_tag","embeddable":true,"href":"https:\/\/www.europesays.com\/fr\/wp-json\/wp\/v2\/tags?post=264714"}],"curies":[{"name":"wp","href":"https:\/\/api.w.org\/{rel}","templated":true}]}}