{"id":264718,"date":"2025-07-22T03:24:08","date_gmt":"2025-07-22T03:24:08","guid":{"rendered":"https:\/\/www.europesays.com\/fr\/264718\/"},"modified":"2025-07-22T03:24:08","modified_gmt":"2025-07-22T03:24:08","slug":"meteo-des-orages-violents-tombent-dans-ces-communes-de-la-loire-voici-les-images","status":"publish","type":"post","link":"https:\/\/www.europesays.com\/fr\/264718\/","title":{"rendered":"M\u00e9t\u00e9o. Des orages violents tombent dans ces communes de la Loire : voici les images"},"content":{"rendered":"<p>            Par<br \/>\n        <strong><br \/>\n            <a href=\"https:\/\/actu.fr\/auteur\/mathias-souteyrat\" title=\"Consulter tous les articles de Mathias Souteyrat\" target=\"_blank\" rel=\"noopener\">Mathias Souteyrat<\/a><br \/>\n        <\/strong><\/p>\n<p>        Publi\u00e9 le<\/p>\n<p>            21 juil. 2025 \u00e0 11h49        <\/p>\n<p>La <a href=\"https:\/\/actu.fr\/auvergne-rhone-alpes\/saint-etienne_42218\/les-orages-violents-de-grele-frappent-encore-meteo-france-bascule-la-loire-en-alerte-orange_62934054.html\" target=\"_blank\" rel=\"noopener\">Loire<\/a> a \u00e9t\u00e9 plac\u00e9e tout le week-end en alerte orange aux <a href=\"https:\/\/actu.fr\/tag\/orages\" target=\"_blank\" rel=\"noopener\">orages<\/a> par M\u00e9t\u00e9o-France. Les d\u00e9partements limitrophes ont \u00e9galement \u00e9t\u00e9 touch\u00e9s par des intemp\u00e9ries. On fait le point sur les intemp\u00e9ries.\u00a0<\/p>\n<p>Un mort en Sa\u00f4ne-et-Loire<\/p>\n<p class=\" wall-content\">En Sa\u00f4ne-et-Loire, o\u00f9 de nombreuses toitures ont \u00e9t\u00e9 endommag\u00e9es ou arrach\u00e9es par des \u00e9pisodes orageux, <a href=\"https:\/\/actu.fr\/meteo\/un-mort-des-blesses-des-toitures-arrachees-le-bilan-des-violents-orages-qui-ont-frappe-la-france-ce-dimanch_62934943.html\" target=\"_blank\" rel=\"noopener\">une personne est morte<\/a> apr\u00e8s \u00eatre \u00ab\u2009tomb\u00e9e de son \u00e9chelle de 5\u00a0m\u00e8tres\u2009\u00bb en intervenant sur son toit \u00e0 Saint-Cyr. Une autre personne a \u00e9t\u00e9 gravement bless\u00e9e en chutant de son toit \u00e0 Devrouze.<\/p>\n<p>L\u2019ensemble des communes de la Loire touch\u00e9<br \/>\n    <img   decoding=\"async\" loading=\"lazy\" src=\"https:\/\/www.europesays.com\/fr\/wp-content\/uploads\/2025\/07\/capture-decran-2025-07-21-091641-960x640.png\" alt=\"Les orages et la petite gr\u00eale ont frapp\u00e9 tout le week-end la ville de Saint-Etienne, ici \u00e0 Carnot.\" width=\"960\" height=\"640\"\/><br \/>\n    Les orages et la petite gr\u00eale ont frapp\u00e9 tout le week-end la ville de Saint-Etienne, ici \u00e0 Carnot. (\u00a9Capture vid\u00e9o \/ Isabelle Janot Sabl\u00e8 Reverdy)<\/p>\n<p class=\" wall-content\">Voici les images des \u00e9pisodes orageux qui ont frapp\u00e9 la Loire o\u00f9 l\u2019ensemble du d\u00e9partement a \u00e9t\u00e9 concern\u00e9.<\/p>\n<p>    <a href=\"https:\/\/www.facebook.com\/plugins\/video.php?height=476&amp;href=https%3A%2F%2Fwww.facebook.com%2Fbenoit.jean.790%2Fvideos%2F1425296648509918%2F%3Fidorvanity%3D1241362809344638&amp;show_text=true&amp;width=350&amp;t=0\" title=\"Ouvrie le lien\" target=\"_blank\" rel=\"noopener\">Cliquez ici pour visualiser le contenu<\/a><\/p>\n<p class=\" wall-content\">\u00ab\u2009\u00c0 Chazelles-sur-Lyon en ce moment, grosse pluie et orages sans gr\u00eale\u2009\u00bb\u2009; \u00ab\u2009Gros gros coup de tonnerre \u00e0 Saint-Etienne, pluie et l\u00e0 plus rien, gros arrosage\u2009\u00bb\u2009; \u00ab\u200950\u00a0mm de pluie depuis hier sur Saint-Andr\u00e9-le-Puy\u2009\u00bb\u2009; \u00ab\u2009Belle pluie fine pendant 25\u00a0minutes sur Craintilleux\u2009\u00bb.<\/p>\n<p>    <img   decoding=\"async\" loading=\"lazy\" src=\"https:\/\/www.europesays.com\/fr\/wp-content\/uploads\/2025\/07\/pier-rette-petit-orage-de-grele-a-st-just-st-rambert-960x640.jpg\" alt=\"Petit orage de gr\u00eale \u00e0 St just St Rambert.\" width=\"960\" height=\"640\"\/><br \/>\n    Petit orage de gr\u00eale \u00e0 St just St Rambert. (\u00a9Capture Facebook \/ Pier-Rette)Le Puy-de-D\u00f4me et la Haute-Loire aussi touch\u00e9s<\/p>\n<p class=\" wall-content\">Les d\u00e9partements limitrophes ne sont pas en reste niveau des orages.<\/p>\n<p class=\" wall-content\">\n<p class=\" wall-content\">Selon M\u00e9t\u00e9o Express, \u00ab\u00a0de puissants orages produisent gr\u00eale et rafales de vent entre l\u2019Allier et la Sa\u00f4ne-et-Loire ce dimanche apr\u00e8s-midi comme sur la commune de Sorbier\u00a0\u00bb. La Haute-Loire a \u00e9galement \u00e9t\u00e9 touch\u00e9e.<\/p>\n<p class=\" wall-content\">\n<p class=\" wall-content\">Samedi matin, les orages ont circul\u00e9 vers le Massif Central avec des chutes de gr\u00eale comme \u00e0 Besse-et-Saint-Anastaise (Puy-de-D\u00f4me).<\/p>\n<p>Retour des orages mercredi\u2009?<\/p>\n<p class=\" wall-content\">M\u00e9t\u00e9o-France n\u2019a \u00e9mis aucun bulletin d\u2019alerte ce lundi 21 et mardi 22 juillet 2025. Des orages pourraient \u00e9clater ce mercredi <strong>dans la r\u00e9gion Auvergne-Rh\u00f4ne-Alpes.<\/strong><\/p>\n<p><a class=\"jo-module-caroussel__img-container\" href=\"https:\/\/static.actu.fr\/uploads\/2025\/07\/prevision-orages-tornades-probabilite-orage-j2-3.png\" title=\"Agrandir la photo Mercredi, un nouveau thalweg d\u2019altitude s\u2019enfoncera par le nord-ouest du pays. Il favorisera le d\u00e9clenchement sporadique d\u2019orages, notamment en cours d\u2019apr\u00e8s-midi, entre Normandie et Lorraine d\u2019une part, et des Pyr\u00e9n\u00e9es aux Alpes et au Jura d\u2019autre part. (\u00a9 Carte Keraunos)\" data-idx=\"1\" target=\"_blank\" rel=\"noopener\"><br \/>\n    <img decoding=\"async\" class=\"jo-module-caroussel__img\" loading=\"lazy\" src=\"https:\/\/www.europesays.com\/fr\/wp-content\/uploads\/2025\/07\/prevision-orages-tornades-probabilite-orage-j2-3-640x427.png\" alt=\"Mercredi, un nouveau thalweg d\u2019altitude s\u2019enfoncera par le nord-ouest du pays. Il favorisera le d\u00e9clenchement sporadique d\u2019orages, notamment en cours d\u2019apr\u00e8s-midi, entre Normandie et Lorraine d\u2019une part, et des Pyr\u00e9n\u00e9es aux Alpes et au Jura d\u2019autre part. (\u00a9 Carte Keraunos)\" width=\"640\" height=\"427\"\/><\/a><\/p>\n<p class=\" wall-content\">Selon Keraunos, observatoire fran\u00e7ais des orages\u2009: \u00ab\u2009mercredi, un nouveau thalweg d\u2019altitude s\u2019enfoncera par le nord-ouest du pays. Il favorisera le d\u00e9clenchement sporadique d\u2019orages, notamment en cours d\u2019apr\u00e8s-midi, entre Normandie et Lorraine d\u2019une part, et des Pyr\u00e9n\u00e9es aux Alpes et au Jura d\u2019autre part\u2009\u00bb.<\/p>\n<p class=\" wall-content\">Suivez toute l\u2019actualit\u00e9 de vos villes et m\u00e9dias favoris en vous inscrivant \u00e0 <a href=\"https:\/\/moncompte.actu.fr\" title=\"D\u00e9couvez Mon Actu\" rel=\"nofollow noopener\" data-trk=\"{&quot;cta&quot;:{&quot;action&quot;:&quot;https:\\\/\\\/moncompte.actu.fr&quot;,&quot;category&quot;:&quot;mon compte&quot;,&quot;from&quot;:&quot;article footer&quot;,&quot;name&quot;:&quot;Mon actu&quot;,&quot;type&quot;:&quot;cta&quot;}}\" target=\"_blank\">Mon Actu<\/a>.<\/p>\n","protected":false},"excerpt":{"rendered":"Par Mathias Souteyrat Publi\u00e9 le 21 juil. 2025 \u00e0 11h49 La Loire a \u00e9t\u00e9 plac\u00e9e tout le week-end&hellip;\n","protected":false},"author":2,"featured_media":264719,"comment_status":"","ping_status":"","sticky":false,"template":"","format":"standard","meta":{"footnotes":""},"categories":[9653],"tags":[1111,11,2430,1777,674,1011,27,3059,2487,2357,12,4594,25,4001],"class_list":{"0":"post-264718","1":"post","2":"type-post","3":"status-publish","4":"format-standard","5":"has-post-thumbnail","7":"category-saint-etienne","8":"tag-actu","9":"tag-actualites","10":"tag-auvergne-rhone-alpes","11":"tag-eu","12":"tag-europe","13":"tag-fr","14":"tag-france","15":"tag-intemperies","16":"tag-meteo","17":"tag-meteo-france","18":"tag-news","19":"tag-orages","20":"tag-republique-francaise","21":"tag-saint-etienne"},"share_on_mastodon":{"url":"https:\/\/pubeurope.com\/@fr\/114894750619066003","error":""},"_links":{"self":[{"href":"https:\/\/www.europesays.com\/fr\/wp-json\/wp\/v2\/posts\/264718","targetHints":{"allow":["GET"]}}],"collection":[{"href":"https:\/\/www.europesays.com\/fr\/wp-json\/wp\/v2\/posts"}],"about":[{"href":"https:\/\/www.europesays.com\/fr\/wp-json\/wp\/v2\/types\/post"}],"author":[{"embeddable":true,"href":"https:\/\/www.europesays.com\/fr\/wp-json\/wp\/v2\/users\/2"}],"replies":[{"embeddable":true,"href":"https:\/\/www.europesays.com\/fr\/wp-json\/wp\/v2\/comments?post=264718"}],"version-history":[{"count":0,"href":"https:\/\/www.europesays.com\/fr\/wp-json\/wp\/v2\/posts\/264718\/revisions"}],"wp:featuredmedia":[{"embeddable":true,"href":"https:\/\/www.europesays.com\/fr\/wp-json\/wp\/v2\/media\/264719"}],"wp:attachment":[{"href":"https:\/\/www.europesays.com\/fr\/wp-json\/wp\/v2\/media?parent=264718"}],"wp:term":[{"taxonomy":"category","embeddable":true,"href":"https:\/\/www.europesays.com\/fr\/wp-json\/wp\/v2\/categories?post=264718"},{"taxonomy":"post_tag","embeddable":true,"href":"https:\/\/www.europesays.com\/fr\/wp-json\/wp\/v2\/tags?post=264718"}],"curies":[{"name":"wp","href":"https:\/\/api.w.org\/{rel}","templated":true}]}}