{"id":264724,"date":"2025-07-22T03:40:17","date_gmt":"2025-07-22T03:40:17","guid":{"rendered":"https:\/\/www.europesays.com\/fr\/264724\/"},"modified":"2025-07-22T03:40:17","modified_gmt":"2025-07-22T03:40:17","slug":"le-jeune-joueur-defensif-du-fc-lorient-enzo-genton-prete-a-un-club-de-national","status":"publish","type":"post","link":"https:\/\/www.europesays.com\/fr\/264724\/","title":{"rendered":"Le jeune joueur d\u00e9fensif du FC Lorient Enzo Genton pr\u00eat\u00e9 \u00e0 un club de National"},"content":{"rendered":"<p><a href=\"https:\/\/www.letelegramme.fr\/sports\/football\/fc-lorient\/je-noublierai-jamais-enzo-genton-aux-anges-apres-sa-premiere-selection-en-equipe-de-france-u19-6663036.php\" target=\"_blank\" rel=\"noopener\">Enzo Genton<\/a> qui avait disput\u00e9 six matchs de <a href=\"https:\/\/www.letelegramme.fr\/sports\/football\/ligue2\/\" target=\"_blank\" rel=\"noopener\">Ligue 2<\/a> l\u2019an pass\u00e9, a \u00e9t\u00e9 pr\u00eat\u00e9 \u00e0 un club de Nationale 1 ce lundi : le FC Rouen 1899. Le jeune international U19 (3 s\u00e9lections) avait marqu\u00e9 une splendide reprise de vol\u00e9e contre Ajaccio pour son premier match au Moustoir (3-0, le 27 septembre). C\u2019\u00e9tait le deuxi\u00e8me match de Ligue 2 chez les pros du milieu de terrain capable aussi d\u2019\u00e9voluer en d\u00e9fense centrale.<\/p>\n<p>Enzo Genton est le fils de Benjamin Genton, ancien joueur du<a href=\"https:\/\/www.letelegramme.fr\/sports\/football\/fc-lorient\/\" target=\"_blank\" rel=\"noopener\"> FC Lorient<\/a> en Ligue 1 et en Ligue 2, devenu entra\u00eeneur adjoint de Sylvain Ripoll par la suite, avant d\u2019\u00eatre \u00e9ducateur au FCL puis de rejoindre le staff de Sylvain Ripoll \u00e0 En Avant Guingamp.<\/p>\n","protected":false},"excerpt":{"rendered":"Enzo Genton qui avait disput\u00e9 six matchs de Ligue 2 l\u2019an pass\u00e9, a \u00e9t\u00e9 pr\u00eat\u00e9 \u00e0 un club&hellip;\n","protected":false},"author":2,"featured_media":264725,"comment_status":"","ping_status":"","sticky":false,"template":"","format":"standard","meta":{"footnotes":""},"categories":[9587],"tags":[1111,11,3166,1777,674,3317,63,1011,27,1781,23838,30393,12,5161,25,9590,60],"class_list":{"0":"post-264724","1":"post","2":"type-post","3":"status-publish","4":"format-standard","5":"has-post-thumbnail","7":"category-rouen","8":"tag-actu","9":"tag-actualites","10":"tag-en-continu-sports","11":"tag-eu","12":"tag-europe","13":"tag-fc-lorient","14":"tag-football","15":"tag-fr","16":"tag-france","17":"tag-lorient","18":"tag-mercato-fc-lorient","19":"tag-mercato-pro","20":"tag-news","21":"tag-normandie","22":"tag-republique-francaise","23":"tag-rouen","24":"tag-sports"},"share_on_mastodon":{"url":"https:\/\/pubeurope.com\/@fr\/114894813397577097","error":""},"_links":{"self":[{"href":"https:\/\/www.europesays.com\/fr\/wp-json\/wp\/v2\/posts\/264724","targetHints":{"allow":["GET"]}}],"collection":[{"href":"https:\/\/www.europesays.com\/fr\/wp-json\/wp\/v2\/posts"}],"about":[{"href":"https:\/\/www.europesays.com\/fr\/wp-json\/wp\/v2\/types\/post"}],"author":[{"embeddable":true,"href":"https:\/\/www.europesays.com\/fr\/wp-json\/wp\/v2\/users\/2"}],"replies":[{"embeddable":true,"href":"https:\/\/www.europesays.com\/fr\/wp-json\/wp\/v2\/comments?post=264724"}],"version-history":[{"count":0,"href":"https:\/\/www.europesays.com\/fr\/wp-json\/wp\/v2\/posts\/264724\/revisions"}],"wp:featuredmedia":[{"embeddable":true,"href":"https:\/\/www.europesays.com\/fr\/wp-json\/wp\/v2\/media\/264725"}],"wp:attachment":[{"href":"https:\/\/www.europesays.com\/fr\/wp-json\/wp\/v2\/media?parent=264724"}],"wp:term":[{"taxonomy":"category","embeddable":true,"href":"https:\/\/www.europesays.com\/fr\/wp-json\/wp\/v2\/categories?post=264724"},{"taxonomy":"post_tag","embeddable":true,"href":"https:\/\/www.europesays.com\/fr\/wp-json\/wp\/v2\/tags?post=264724"}],"curies":[{"name":"wp","href":"https:\/\/api.w.org\/{rel}","templated":true}]}}