{"id":26473,"date":"2025-04-15T12:11:08","date_gmt":"2025-04-15T12:11:08","guid":{"rendered":"https:\/\/www.europesays.com\/fr\/26473\/"},"modified":"2025-04-15T12:11:08","modified_gmt":"2025-04-15T12:11:08","slug":"une-femme-grievement-blessee-au-katana-par-son-conjoint","status":"publish","type":"post","link":"https:\/\/www.europesays.com\/fr\/26473\/","title":{"rendered":"une femme gri\u00e8vement bless\u00e9e au Katana par son conjoint"},"content":{"rendered":"<p><strong>INFO LE FIGARO<\/strong> &#8211; La victime a \u00e9t\u00e9 violemment attaqu\u00e9e son compagnon, d\u00e9j\u00e0 connu des autorit\u00e9s pour des violences et toujours activement recherch\u00e9 par les services de police.<\/p>\n<p class=\"fig-paragraph\">Une agression d\u2019une violence inou\u00efe. Dans la nuit de vendredi \u00e0 samedi, une femme \u00e2g\u00e9e d\u2019une trentaine d\u2019ann\u00e9es a \u00e9t\u00e9 gri\u00e8vement bless\u00e9e \u00e0 l\u2019<a href=\"http:\/\/www.lefigaro.fr\/nantes\/un-homme-arrete-pres-de-nantes-apres-avoir-attaque-sa-femme-a-l-arme-blanche-20250414\" data-fig-type=\"NewsFlash\" data-gtm-custom-categorie=\"navigation\" data-gtm-custom-action=\"crossclick\" data-gtm-custom-label=\"Contextuel\" data-gtm-event=\"customEventSPE\" data-fig-domain=\"LEFIGARO\" target=\"_blank\" rel=\"noopener\">arme blanche<\/a>\u00a0par son conjoint alors qu\u2019elle se trouvait dans son domicile de la cit\u00e9 Consolat, dans le 15e arrondissement de Marseille.<\/p>\n<p class=\"fig-paragraph\">D\u2019apr\u00e8s le r\u00e9cit de la victime, une dispute aurait \u00e9clat\u00e9 entre elle et cet homme de 38 ans d\u00e9j\u00e0 connu des autorit\u00e9s pour des faits de violences. Ce dernier se serait empar\u00e9 d\u2019un\u00a0<a href=\"http:\/\/www.lefigaro.fr\/lyon\/un-desequilibre-arme-d-un-katana-hurle-allah-akbar-en-pleine-rue-20240904\" data-fig-type=\"NewsFlash\" data-gtm-custom-categorie=\"navigation\" data-gtm-custom-action=\"crossclick\" data-gtm-custom-label=\"Contextuel\" data-gtm-event=\"customEventSPE\" data-fig-domain=\"LEFIGARO\" target=\"_blank\" rel=\"noopener\">katana<\/a>, un sabre japonais \u00e0 la lame courb\u00e9e, avant de la frapper \u00e0 plusieurs reprises. Se prot\u00e9geant avec les bras, la jeune femme a \u00e9t\u00e9 s\u00e9rieusement touch\u00e9e aux membres sup\u00e9rieurs. Le mis en cause a ensuite rapidement pris la fuite. Selon nos informations, il \u00e9tait toujours activement recherch\u00e9 par les services de police ce mardi matin.<\/p>\n<p>Enqu\u00eate pour tentative d\u2019homicide volontaire<\/p>\n<p class=\"fig-paragraph\">Souffrant d\u2019une mutilation de l\u2019un des poignets avec infirmit\u00e9 permanente et d\u2019une large plaie au niveau de l\u2019\u00e9paule n\u00e9cessitant une quinzaine de points de suture, la victime a \u00e9t\u00e9 prise en charge \u00e0 l\u2019h\u00f4pital afin d\u2019y subir une intervention chirurgicale. Son pronostic vital n\u2019est pas engag\u00e9, comme confirm\u00e9 par le parquet de Marseille au Figaro,<\/p>\n<p class=\"fig-paragraph\">Le parquet pr\u00e9cise qu\u2019elle a \u00e9galement \u00e9t\u00e9 prise en charge dans le cadre du \u00abprotocole f\u00e9minicide\u00bb conclu avec l\u2019unit\u00e9 d\u2019accueil p\u00e9diatrique des enfants en danger, l\u2019<a href=\"http:\/\/www.lefigaro.fr\/actualite-france\/aide-sociale-a-l-enfance-une-plainte-deposee-contre-la-france-aupres-d-un-comite-de-l-onu-20250414\" data-fig-type=\"NewsFlash\" data-gtm-custom-categorie=\"navigation\" data-gtm-custom-action=\"crossclick\" data-gtm-custom-label=\"Contextuel\" data-gtm-event=\"customEventSPE\" data-fig-domain=\"LEFIGARO\" target=\"_blank\" rel=\"noopener\">aide sociale \u00e0 l\u2019enfance<\/a>\u00a0et l\u2019association d\u2019aide aux victimes. Une enqu\u00eate pour \u00abtentative d\u2019homicide volontaire\u00bb a \u00e9t\u00e9 ouverte et confi\u00e9e aux policiers de la Division de la criminalit\u00e9 territoriale (DCT).<\/p>\n","protected":false},"excerpt":{"rendered":"INFO LE FIGARO &#8211; La victime a \u00e9t\u00e9 violemment attaqu\u00e9e son compagnon, d\u00e9j\u00e0 connu des autorit\u00e9s pour des&hellip;\n","protected":false},"author":2,"featured_media":26474,"comment_status":"","ping_status":"","sticky":false,"template":"","format":"standard","meta":{"footnotes":""},"categories":[2814],"tags":[1111,11,9405,885,1182,1180,1181,1777,674,1011,27,1184,1185,884,12,1177,1176,149,1072,1186,882,25,1178,1183,1179],"class_list":{"0":"post-26473","1":"post","2":"type-post","3":"status-publish","4":"format-standard","5":"has-post-thumbnail","7":"category-marseille","8":"tag-actu","9":"tag-actualites","10":"tag-arme-blanche","11":"tag-bouches-du-rhone","12":"tag-calanques","13":"tag-canebiere","14":"tag-cite-phoceenne","15":"tag-eu","16":"tag-europe","17":"tag-fr","18":"tag-france","19":"tag-la-timone","20":"tag-les-baumettes-mediterranee","21":"tag-marseille","22":"tag-news","23":"tag-notre-dame-de-la-garde","24":"tag-olympique-de-marseille","25":"tag-om","26":"tag-police","27":"tag-provence","28":"tag-provence-alpes-cote-dazur","29":"tag-republique-francaise","30":"tag-saint-charles","31":"tag-sormiou","32":"tag-vieux-port"},"share_on_mastodon":{"url":"https:\/\/pubeurope.com\/@fr\/114341916413525421","error":""},"_links":{"self":[{"href":"https:\/\/www.europesays.com\/fr\/wp-json\/wp\/v2\/posts\/26473","targetHints":{"allow":["GET"]}}],"collection":[{"href":"https:\/\/www.europesays.com\/fr\/wp-json\/wp\/v2\/posts"}],"about":[{"href":"https:\/\/www.europesays.com\/fr\/wp-json\/wp\/v2\/types\/post"}],"author":[{"embeddable":true,"href":"https:\/\/www.europesays.com\/fr\/wp-json\/wp\/v2\/users\/2"}],"replies":[{"embeddable":true,"href":"https:\/\/www.europesays.com\/fr\/wp-json\/wp\/v2\/comments?post=26473"}],"version-history":[{"count":0,"href":"https:\/\/www.europesays.com\/fr\/wp-json\/wp\/v2\/posts\/26473\/revisions"}],"wp:featuredmedia":[{"embeddable":true,"href":"https:\/\/www.europesays.com\/fr\/wp-json\/wp\/v2\/media\/26474"}],"wp:attachment":[{"href":"https:\/\/www.europesays.com\/fr\/wp-json\/wp\/v2\/media?parent=26473"}],"wp:term":[{"taxonomy":"category","embeddable":true,"href":"https:\/\/www.europesays.com\/fr\/wp-json\/wp\/v2\/categories?post=26473"},{"taxonomy":"post_tag","embeddable":true,"href":"https:\/\/www.europesays.com\/fr\/wp-json\/wp\/v2\/tags?post=26473"}],"curies":[{"name":"wp","href":"https:\/\/api.w.org\/{rel}","templated":true}]}}