{"id":264732,"date":"2025-07-22T03:45:29","date_gmt":"2025-07-22T03:45:29","guid":{"rendered":"https:\/\/www.europesays.com\/fr\/264732\/"},"modified":"2025-07-22T03:45:29","modified_gmt":"2025-07-22T03:45:29","slug":"la-galere-dun-bas-rhinois-handicape","status":"publish","type":"post","link":"https:\/\/www.europesays.com\/fr\/264732\/","title":{"rendered":"la gal\u00e8re d&rsquo;un Bas-Rhinois handicap\u00e9"},"content":{"rendered":"<p>\u00ab\u00a0Je suis en fauteuil roulant et je poss\u00e8de une BMW qui a \u00e9t\u00e9 \u00e9quip\u00e9e d\u2019un syst\u00e8me de conduite pour parapl\u00e9gique par la soci\u00e9t\u00e9 Kempf \u00e0 Wasselonne, nous \u00e9crit notre lecteur. Suite au dernier contr\u00f4le technique, j\u2019ai \u00e9t\u00e9 inform\u00e9 qu\u2019elle \u00e9tait <a href=\"https:\/\/www.dna.fr\/economie\/2025\/07\/04\/scandale-takata-vu-d-alsace-temoignages-de-naufrages-des-airbags\" target=\"_blank\" rel=\"nofollow noopener\">\u00e9quip\u00e9e d\u2019un airbag Takata<\/a>. J\u2019ai donc contact\u00e9 BMW \u00e0 Hoenheim pour le changement et obtenu assez rapidement un rendez-vous.\u00a0\u00bb<\/p>\n<p>Mais pour notre lecteur de Saint-Jean-Saverne, rien ne s\u2019est pass\u00e9 comme pr\u00e9vu. \u00ab\u00a0Le changement n\u2019a malheureusement pas \u00e9t\u00e9 fait en raison de cet \u00e9quipement de conduite pour PMR (personne \u00e0 mobilit\u00e9 r\u00e9duite).\u00a0\u00bb La premi\u00e8re r\u00e9ponse de BMW\u00a0: \u00ab\u00a0Pour que l\u2019intervention de remplacement de l\u2019airbag soit prise en charge, le v\u00e9hicule doit imp\u00e9rativement \u00eatre conforme \u00e0 sa configuration d\u2019origine. Cela signifie que tout \u00e9quipement modifiant l\u2019environnement imm\u00e9diat de l\u2019airbag \u2013 m\u00eame s\u2019il est homologu\u00e9 ou install\u00e9 par un professionnel \u2013 doit \u00eatre temporairement retir\u00e9 pour permettre l\u2019intervention dans les conditions exig\u00e9es par BMW.\u00a0\u00bb Pire\u00a0: \u00ab\u00a0Les frais li\u00e9s au d\u00e9montage, au d\u00e9placement ou \u00e0 la r\u00e9installation de votre syst\u00e8me de conduite adapt\u00e9 ne sont pas couverts.\u00a0\u00bb<\/p>\n<p>  Compliqu\u00e9, co\u00fbteux\u2026<\/p>\n<p>Pour rouler en toute s\u00e9curit\u00e9, notre lecteur doit donc faire enlever le syst\u00e8me de conduite PMR par Kempf, acheminer sa voiture chez BMW \u00e0 Hoenheim, attendre que BMW change l\u2019airbag, r\u00e9acheminer sa voiture de nouveau chez Kempf pour que cette entreprise puisse remonter le syst\u00e8me de conduite PMR.<\/p>\n<p>\u00ab\u00a0En dehors de la perte de temps, il faut savoir que Kempf ne veut pas intervenir gratuitement puisqu\u2019ils ne sont pas responsables du probl\u00e8me Takata. Donc, parce que je suis handicap\u00e9 &#8211; excusez-moi de l\u2019\u00eatre &#8211; je dois donc payer plus de 500\u00a0\u20ac pour un changement qui, en th\u00e9orie, doit \u00eatre gratuit, ce qui est d\u2019ailleurs indiqu\u00e9 sur le site internet du gouvernement\u00a0!\u00a0\u00bb Et notre lecteur alsacien de trouver \u00ab\u00a0inadmissible que le constructeur se r\u00e9fugie derri\u00e8re ce syst\u00e8me pour refuser une prise en charge, ne serait-ce que partielle de ces co\u00fbts, li\u00e9s enti\u00e8rement au probl\u00e8me des airbags Takata.\u00a0\u00bb<\/p>\n<p>Notre lecteur nous a envoy\u00e9 un deuxi\u00e8me courrier la semaine derni\u00e8re o\u00f9 il explique avoir retrouv\u00e9 le sourire\u00a0: \u00ab\u00a0J\u2019avais contact\u00e9, pour expliquer mon cas, Mobilit\u00e9 Club France (anciennement Automobile club) et une lettre a \u00e9t\u00e9 envoy\u00e9e \u00e0 BMW France qui, au final, accepte de rembourser le temps d\u2019intervention de Kempf. Mais je n\u2019ai pas encore eu le remboursement de BMW\u2026\u00a0\u00bb<\/p>\n","protected":false},"excerpt":{"rendered":"\u00ab\u00a0Je suis en fauteuil roulant et je poss\u00e8de une BMW qui a \u00e9t\u00e9 \u00e9quip\u00e9e d\u2019un syst\u00e8me de conduite&hellip;\n","protected":false},"author":2,"featured_media":264733,"comment_status":"","ping_status":"","sticky":false,"template":"","format":"standard","meta":{"footnotes":""},"categories":[2820],"tags":[1111,11,2389,3542,1777,674,107,1011,27,775,1943,12,25,104,640,2803],"class_list":{"0":"post-264732","1":"post","2":"type-post","3":"status-publish","4":"format-standard","5":"has-post-thumbnail","7":"category-strasbourg","8":"tag-actu","9":"tag-actualites","10":"tag-alsace","11":"tag-circulation","12":"tag-eu","13":"tag-europe","14":"tag-fil-info","15":"tag-fr","16":"tag-france","17":"tag-grand-est","18":"tag-handicap","19":"tag-news","20":"tag-republique-francaise","21":"tag-societe","22":"tag-strasbourg","23":"tag-transport"},"share_on_mastodon":{"url":"https:\/\/pubeurope.com\/@fr\/114894833220988610","error":""},"_links":{"self":[{"href":"https:\/\/www.europesays.com\/fr\/wp-json\/wp\/v2\/posts\/264732","targetHints":{"allow":["GET"]}}],"collection":[{"href":"https:\/\/www.europesays.com\/fr\/wp-json\/wp\/v2\/posts"}],"about":[{"href":"https:\/\/www.europesays.com\/fr\/wp-json\/wp\/v2\/types\/post"}],"author":[{"embeddable":true,"href":"https:\/\/www.europesays.com\/fr\/wp-json\/wp\/v2\/users\/2"}],"replies":[{"embeddable":true,"href":"https:\/\/www.europesays.com\/fr\/wp-json\/wp\/v2\/comments?post=264732"}],"version-history":[{"count":0,"href":"https:\/\/www.europesays.com\/fr\/wp-json\/wp\/v2\/posts\/264732\/revisions"}],"wp:featuredmedia":[{"embeddable":true,"href":"https:\/\/www.europesays.com\/fr\/wp-json\/wp\/v2\/media\/264733"}],"wp:attachment":[{"href":"https:\/\/www.europesays.com\/fr\/wp-json\/wp\/v2\/media?parent=264732"}],"wp:term":[{"taxonomy":"category","embeddable":true,"href":"https:\/\/www.europesays.com\/fr\/wp-json\/wp\/v2\/categories?post=264732"},{"taxonomy":"post_tag","embeddable":true,"href":"https:\/\/www.europesays.com\/fr\/wp-json\/wp\/v2\/tags?post=264732"}],"curies":[{"name":"wp","href":"https:\/\/api.w.org\/{rel}","templated":true}]}}