{"id":264740,"date":"2025-07-22T03:50:13","date_gmt":"2025-07-22T03:50:13","guid":{"rendered":"https:\/\/www.europesays.com\/fr\/264740\/"},"modified":"2025-07-22T03:50:13","modified_gmt":"2025-07-22T03:50:13","slug":"fc-nantes-un-ancien-canari-a-remporte-une-longue-bataille-judiciaire","status":"publish","type":"post","link":"https:\/\/www.europesays.com\/fr\/264740\/","title":{"rendered":"FC Nantes : un ancien Canari a remport\u00e9 une longue bataille judiciaire"},"content":{"rendered":"<p><strong>Actuellement sans club, Anthony Walongwa, form\u00e9 au FC Nantes, qu\u2019il a quitt\u00e9 en 2021, vient de remporter une bataille judiciaire face \u00e0 France Travail.<\/strong><\/p>\n<p>C\u2019est une dr\u00f4le d\u2019histoire que vient de publier Ouest-France. Elle concerne un ancien joueur du <a href=\"https:\/\/www.butfootballclub.fr\/fc-nantes-mercato-nouveau-courtisan-en-l1-pour-mostafa-mohamed\/\" rel=\"nofollow noopener\" target=\"_blank\">FC Nantes<\/a>, Anthony Walongwa, qui a remport\u00e9 une bataille judiciaire de quatre ans contre\u2026 France Travail. Actuellement sans club, le d\u00e9fenseur de 31 ans, qui sort d\u2019une exp\u00e9rience de deux saisons \u00e0 Vertou, s\u2019\u00e9tait fait radier des listes de FT car l\u2019organisme le soup\u00e7onnait d\u2019avoir fait une fausse d\u00e9claration pour rester inscrit et ainsi toucher des aides. <\/p>\n<p>\u00ab\u00a0Cette histoire m\u2019a mis dans une gal\u00e8re pas possible\u00a0\u00bb<\/p>\n<p>C\u2019est que Walongwa, pour pr\u00e9parer son apr\u00e8s-carri\u00e8re, avait cr\u00e9\u00e9 une entreprise de livraison sp\u00e9cialis\u00e9e \u00e0 destination des sportifs de haut niveau. Les statuts avaient d\u00e9pos\u00e9 mais il n\u2019y avait pas d\u2019activit\u00e9, donc pas de revenu, ce qui explique que l\u2019ancien Canari n\u2019avait rien d\u00e9clar\u00e9 \u00e0 France Travail au moment de son inscription, en 2021, lors de son d\u00e9part du <a href=\"https:\/\/www.butfootballclub.fr\/fc-nantes-mercato-duel-avec-auxerre-pour-un-milieu-international-espoirs\/\" rel=\"nofollow noopener\" target=\"_blank\">FC Nantes<\/a>. Il aura fallu quatre longues ann\u00e9es de proc\u00e9dure mais il vient d\u2019obtenir gain de cause. <\/p>\n<p>\u00ab Je n\u2019avais rien \u00e0 perdre et je n\u2019ai pas l\u00e2ch\u00e9. Cette histoire m\u2019a mis dans une gal\u00e8re pas possible \u00bb, a d\u00e9clar\u00e9 le joueur \u00e0 Ouest-France. La preuve que si une minorit\u00e9 de footballeurs gagne effectivement des fortunes, une majorit\u00e9, elle, est confront\u00e9e aux m\u00eames gal\u00e8res que le commun des mortels\u2026<\/p>\n","protected":false},"excerpt":{"rendered":"Actuellement sans club, Anthony Walongwa, form\u00e9 au FC Nantes, qu\u2019il a quitt\u00e9 en 2021, vient de remporter une&hellip;\n","protected":false},"author":2,"featured_media":264741,"comment_status":"","ping_status":"","sticky":false,"template":"","format":"standard","meta":{"footnotes":""},"categories":[2818],"tags":[1111,11,448,1777,674,63,1011,27,66,3388,766,12,2636,25,10662],"class_list":{"0":"post-264740","1":"post","2":"type-post","3":"status-publish","4":"format-standard","5":"has-post-thumbnail","7":"category-nantes","8":"tag-actu","9":"tag-actualites","10":"tag-champions-league","11":"tag-eu","12":"tag-europe","13":"tag-football","14":"tag-fr","15":"tag-france","16":"tag-ligue-1","17":"tag-matchs","18":"tag-nantes","19":"tag-news","20":"tag-pays-de-la-loire","21":"tag-republique-francaise","22":"tag-transferts"},"share_on_mastodon":{"url":"https:\/\/pubeurope.com\/@fr\/114894852782422828","error":""},"_links":{"self":[{"href":"https:\/\/www.europesays.com\/fr\/wp-json\/wp\/v2\/posts\/264740","targetHints":{"allow":["GET"]}}],"collection":[{"href":"https:\/\/www.europesays.com\/fr\/wp-json\/wp\/v2\/posts"}],"about":[{"href":"https:\/\/www.europesays.com\/fr\/wp-json\/wp\/v2\/types\/post"}],"author":[{"embeddable":true,"href":"https:\/\/www.europesays.com\/fr\/wp-json\/wp\/v2\/users\/2"}],"replies":[{"embeddable":true,"href":"https:\/\/www.europesays.com\/fr\/wp-json\/wp\/v2\/comments?post=264740"}],"version-history":[{"count":0,"href":"https:\/\/www.europesays.com\/fr\/wp-json\/wp\/v2\/posts\/264740\/revisions"}],"wp:featuredmedia":[{"embeddable":true,"href":"https:\/\/www.europesays.com\/fr\/wp-json\/wp\/v2\/media\/264741"}],"wp:attachment":[{"href":"https:\/\/www.europesays.com\/fr\/wp-json\/wp\/v2\/media?parent=264740"}],"wp:term":[{"taxonomy":"category","embeddable":true,"href":"https:\/\/www.europesays.com\/fr\/wp-json\/wp\/v2\/categories?post=264740"},{"taxonomy":"post_tag","embeddable":true,"href":"https:\/\/www.europesays.com\/fr\/wp-json\/wp\/v2\/tags?post=264740"}],"curies":[{"name":"wp","href":"https:\/\/api.w.org\/{rel}","templated":true}]}}