{"id":264748,"date":"2025-07-22T03:54:19","date_gmt":"2025-07-22T03:54:19","guid":{"rendered":"https:\/\/www.europesays.com\/fr\/264748\/"},"modified":"2025-07-22T03:54:19","modified_gmt":"2025-07-22T03:54:19","slug":"une-belle-journee-dete-a-toulouse-et-en-occitanie-mais-il-va-falloir-en-profiter-car-cela-ne-va-pas-durer","status":"publish","type":"post","link":"https:\/\/www.europesays.com\/fr\/264748\/","title":{"rendered":"Une belle journ\u00e9e d&rsquo;\u00e9t\u00e9 \u00e0 Toulouse et en Occitanie, mais il va falloir en profiter car cela ne va pas durer"},"content":{"rendered":"<p>            Par<br \/>\n        <strong><br \/>\n            <a href=\"https:\/\/actu.fr\/auteur\/david-saint-sernin\" title=\"Consulter tous les articles de David Saint-Sernin\" target=\"_blank\" rel=\"noopener\">David Saint-Sernin<\/a><br \/>\n        <\/strong><\/p>\n<p>        Publi\u00e9 le<\/p>\n<p>            22 juil. 2025 \u00e0 5h06        <\/p>\n<p>La journ\u00e9e du mardi 22 juin 2025 va \u00eatre une belle journ\u00e9e d\u2019\u00e9t\u00e9 <strong>\u00e0 Toulouse<\/strong> et en Occitanie.<\/p>\n<p>Le soleil va briller d\u00e8s le matin<\/p>\n<p class=\" wall-content\">Le soleil brillera quasiment partout dans la r\u00e9gion. Et particuli\u00e8rement \u00e0 Toulouse o\u00f9 il fera 22\u00b0 d\u00e8s le matin. Il fera \u00e9galement 20\u00b0 du c\u00f4t\u00e9 de Saint-Gaudens. Le maximum sera enregistr\u00e9 \u00e0 Perpignan o\u00f9 il fera 26\u00b0.<\/p>\n<p class=\" wall-content\">Cette embellie se confirmera cet apr\u00e8s-midi avec une pr\u00e9sence affirm\u00e9e du soleil. Il fera 27\u00b0 \u00e0 Toulouse et 26\u00b0 \u00e0 Saint-Gaudens. Et jusqu\u2019\u00e0 30\u00b0 sur l\u2019arc m\u00e9dit\u00e9rran\u00e9en.\u00a0<\/p>\n<p class=\" wall-content\">\n    <img   decoding=\"async\" loading=\"lazy\" src=\"https:\/\/www.europesays.com\/fr\/wp-content\/uploads\/2025\/07\/capture-decran-2025-07-21-142707-960x640.png\" alt=\"La m\u00e9t\u00e9o de votre mardi matin \u00e0 Toulouse et en Occitanie.\" width=\"960\" height=\"640\"\/><br \/>\n    La m\u00e9t\u00e9o de votre mardi matin \u00e0 Toulouse et en Occitanie. (\u00a9M\u00e9t\u00e9o France)<br \/>\n    <img   decoding=\"async\" loading=\"lazy\" src=\"https:\/\/www.europesays.com\/fr\/wp-content\/uploads\/2025\/07\/capture-decran-2025-07-21-153757-960x640.png\" alt=\"La m\u00e9t\u00e9o de votre mercredi apr\u00e8s-midi \u00e0 Toulouse et en Occitanie.\" width=\"960\" height=\"640\"\/><br \/>\n    La m\u00e9t\u00e9o de votre mercredi apr\u00e8s-midi \u00e0 Toulouse et en Occitanie. (\u00a9M\u00e9t\u00e9o France)<\/p>\n<p>Des orages mercredi<\/p>\n<p class=\" wall-content\">Il faudra profiter de cette belle journ\u00e9e de mardi. D\u00e8s mercredi,une nouvelle d\u00e9gradation orageuse est annonc\u00e9e en Occitanie.\u00a0<\/p>\n<p class=\" wall-content\">Le midi toulousain serait concern\u00e9 comme d\u2019autres d\u00e9partements, notamment le Tarn, le Tarn-et-Garonne, et le Lot.\u00a0<\/p>\n<p>    <img   decoding=\"async\" loading=\"lazy\" src=\"https:\/\/www.europesays.com\/fr\/wp-content\/uploads\/2025\/07\/capture-decran-2025-07-21-154455-960x640.png\" alt=\"Une d\u00e9gradation orageuse est annonc\u00e9e pour mercredi \u00e0 Toulouse et en Occitanie. \" width=\"960\" height=\"640\"\/><br \/>\n    Une d\u00e9gradation orageuse est annonc\u00e9e pour mercredi \u00e0 Toulouse et en Occitanie. (\u00a9M\u00e9t\u00e9o France )Vid\u00e9os : en ce moment sur Actu<\/p>\n<p class=\" wall-content\">Suivez toute l\u2019actualit\u00e9 de vos villes et m\u00e9dias favoris en vous inscrivant \u00e0 <a href=\"https:\/\/moncompte.actu.fr\" title=\"D\u00e9couvez Mon Actu\" rel=\"nofollow noopener\" data-trk=\"{&quot;cta&quot;:{&quot;action&quot;:&quot;https:\\\/\\\/moncompte.actu.fr&quot;,&quot;category&quot;:&quot;mon compte&quot;,&quot;from&quot;:&quot;article footer&quot;,&quot;name&quot;:&quot;Mon actu&quot;,&quot;type&quot;:&quot;cta&quot;}}\" target=\"_blank\">Mon Actu<\/a>.<\/p>\n","protected":false},"excerpt":{"rendered":"Par David Saint-Sernin Publi\u00e9 le 22 juil. 2025 \u00e0 5h06 La journ\u00e9e du mardi 22 juin 2025 va&hellip;\n","protected":false},"author":2,"featured_media":264749,"comment_status":"","ping_status":"","sticky":false,"template":"","format":"standard","meta":{"footnotes":""},"categories":[2816],"tags":[1111,11,1777,674,1011,27,2357,12,2680,25,104,2312],"class_list":{"0":"post-264748","1":"post","2":"type-post","3":"status-publish","4":"format-standard","5":"has-post-thumbnail","7":"category-toulouse","8":"tag-actu","9":"tag-actualites","10":"tag-eu","11":"tag-europe","12":"tag-fr","13":"tag-france","14":"tag-meteo-france","15":"tag-news","16":"tag-occitanie","17":"tag-republique-francaise","18":"tag-societe","19":"tag-toulouse"},"share_on_mastodon":{"url":"https:\/\/pubeurope.com\/@fr\/114894868583424156","error":""},"_links":{"self":[{"href":"https:\/\/www.europesays.com\/fr\/wp-json\/wp\/v2\/posts\/264748","targetHints":{"allow":["GET"]}}],"collection":[{"href":"https:\/\/www.europesays.com\/fr\/wp-json\/wp\/v2\/posts"}],"about":[{"href":"https:\/\/www.europesays.com\/fr\/wp-json\/wp\/v2\/types\/post"}],"author":[{"embeddable":true,"href":"https:\/\/www.europesays.com\/fr\/wp-json\/wp\/v2\/users\/2"}],"replies":[{"embeddable":true,"href":"https:\/\/www.europesays.com\/fr\/wp-json\/wp\/v2\/comments?post=264748"}],"version-history":[{"count":0,"href":"https:\/\/www.europesays.com\/fr\/wp-json\/wp\/v2\/posts\/264748\/revisions"}],"wp:featuredmedia":[{"embeddable":true,"href":"https:\/\/www.europesays.com\/fr\/wp-json\/wp\/v2\/media\/264749"}],"wp:attachment":[{"href":"https:\/\/www.europesays.com\/fr\/wp-json\/wp\/v2\/media?parent=264748"}],"wp:term":[{"taxonomy":"category","embeddable":true,"href":"https:\/\/www.europesays.com\/fr\/wp-json\/wp\/v2\/categories?post=264748"},{"taxonomy":"post_tag","embeddable":true,"href":"https:\/\/www.europesays.com\/fr\/wp-json\/wp\/v2\/tags?post=264748"}],"curies":[{"name":"wp","href":"https:\/\/api.w.org\/{rel}","templated":true}]}}